{"id":4041,"date":"2016-08-05T04:55:45","date_gmt":"2016-08-05T03:55:45","guid":{"rendered":"http:\/\/kouskeol.fr\/?p=4041"},"modified":"2016-08-08T01:20:43","modified_gmt":"2016-08-08T00:20:43","slug":"baie-de-prony-et-ile-des-pins-12-19-juillet-2016","status":"publish","type":"post","link":"https:\/\/kouskeol.fr\/?p=4041","title":{"rendered":"Baie de Prony et Ile des Pins \u2013 12-19 juillet 2016"},"content":{"rendered":"<p>La premi\u00e8re \u00e9tape apr\u00e8s Noum\u00e9a sera la baie de Prony, o\u00f9 les baleines viennent se reproduire. Rappelez-vous\u00a0: admirer ces monstres est sur la liste de Cathy et MarieJo. La baie est \u00e0 une trentaine de milles \u00e0 l\u2019est, pas loin de la passe Havannah que nous avions emprunt\u00e9 en arrivant du Vanuatu. Mais nous n\u2019arriverons pas jusqu\u2019\u00e0 la baie\u00a0: le vent n\u2019est pas de la partie, et nous nous arr\u00eatons dans la baie Ouie<a class=\"sdfootnoteanc\" href=\"#sdfootnote1sym\" name=\"sdfootnote1anc\"><sup>1<\/sup><\/a> pour la nuit.<\/p>\n<p>Le lendemain, Prony n\u2019est plus qu\u2019\u00e0 une douzaine de milles. Et nous voyons effectivement des souffles au loin dans le fond de la baie. Mais pas de chance aujourd\u2019hui\u00a0: c\u2019est tout ce que nous verrons des baleines cette fois\u2026<\/p>\n<p>Nous mouillons dans la petite Baie \u00e0 Toto, au fond de la Bonne Anse, \u00e0 l\u2019est de la baie de Prony. Et histoire de ne pas rester sur un \u00e9chec, nous d\u00e9barquons avec l\u2019annexe pour monter sur la cr\u00eate et tenter d\u2019apercevoir le sud du lagon et l\u2019\u00cele des Pins. Tenter, car la v\u00e9g\u00e9tation se la joue jungle imp\u00e9n\u00e9trable, et apr\u00e8s une bonne heure \u00e0 crapahuter en zigzagant entre les buissons, les arbustes, les racines, la majeure partie de l\u2019\u00e9quipage de Kousk Eol d\u00e9cide que finalement, le cockpit du bateau offre un confort et un point de vue sur la baie tout \u00e0 fait acceptables.<\/p>\n<figure id=\"attachment_4053\" aria-describedby=\"caption-attachment-4053\" style=\"width: 300px\" class=\"wp-caption aligncenter\"><a href=\"http:\/\/kouskeol.fr\/wp-content\/uploads\/2016\/08\/CCK55390-1280x848.jpg\" target=\"_blank\"><img loading=\"lazy\" decoding=\"async\" class=\"wp-image-4053 size-medium\" src=\"http:\/\/kouskeol.fr\/wp-content\/uploads\/2016\/08\/CCK55390-1280x848-300x199.jpg\" alt=\"CCK55390 (1280x848)\" width=\"300\" height=\"199\" srcset=\"https:\/\/kouskeol.fr\/wp-content\/uploads\/2016\/08\/CCK55390-1280x848-300x199.jpg 300w, https:\/\/kouskeol.fr\/wp-content\/uploads\/2016\/08\/CCK55390-1280x848-768x509.jpg 768w, https:\/\/kouskeol.fr\/wp-content\/uploads\/2016\/08\/CCK55390-1280x848-1024x678.jpg 1024w, https:\/\/kouskeol.fr\/wp-content\/uploads\/2016\/08\/CCK55390-1280x848.jpg 1280w\" sizes=\"auto, (max-width: 300px) 100vw, 300px\" \/><\/a><figcaption id=\"caption-attachment-4053\" class=\"wp-caption-text\">Kousk Eol dans la baie \u00e0 Toto.<\/figcaption><\/figure>\n<figure id=\"attachment_4054\" aria-describedby=\"caption-attachment-4054\" style=\"width: 300px\" class=\"wp-caption aligncenter\"><a href=\"http:\/\/kouskeol.fr\/wp-content\/uploads\/2016\/08\/CCK55391-1280x848.jpg\" target=\"_blank\"><img loading=\"lazy\" decoding=\"async\" class=\"wp-image-4054 size-medium\" src=\"http:\/\/kouskeol.fr\/wp-content\/uploads\/2016\/08\/CCK55391-1280x848-300x199.jpg\" alt=\"CCK55391 (1280x848)\" width=\"300\" height=\"199\" srcset=\"https:\/\/kouskeol.fr\/wp-content\/uploads\/2016\/08\/CCK55391-1280x848-300x199.jpg 300w, https:\/\/kouskeol.fr\/wp-content\/uploads\/2016\/08\/CCK55391-1280x848-768x509.jpg 768w, https:\/\/kouskeol.fr\/wp-content\/uploads\/2016\/08\/CCK55391-1280x848-1024x678.jpg 1024w, https:\/\/kouskeol.fr\/wp-content\/uploads\/2016\/08\/CCK55391-1280x848.jpg 1280w\" sizes=\"auto, (max-width: 300px) 100vw, 300px\" \/><\/a><figcaption id=\"caption-attachment-4054\" class=\"wp-caption-text\">La baie de Prony au loin.<\/figcaption><\/figure>\n<figure id=\"attachment_4055\" aria-describedby=\"caption-attachment-4055\" style=\"width: 300px\" class=\"wp-caption aligncenter\"><a href=\"http:\/\/kouskeol.fr\/wp-content\/uploads\/2016\/08\/CCK55396-1280x848.jpg\" target=\"_blank\"><img loading=\"lazy\" decoding=\"async\" class=\"wp-image-4055 size-medium\" src=\"http:\/\/kouskeol.fr\/wp-content\/uploads\/2016\/08\/CCK55396-1280x848-300x199.jpg\" alt=\"CCK55396 (1280x848)\" width=\"300\" height=\"199\" srcset=\"https:\/\/kouskeol.fr\/wp-content\/uploads\/2016\/08\/CCK55396-1280x848-300x199.jpg 300w, https:\/\/kouskeol.fr\/wp-content\/uploads\/2016\/08\/CCK55396-1280x848-768x509.jpg 768w, https:\/\/kouskeol.fr\/wp-content\/uploads\/2016\/08\/CCK55396-1280x848-1024x678.jpg 1024w, https:\/\/kouskeol.fr\/wp-content\/uploads\/2016\/08\/CCK55396-1280x848.jpg 1280w\" sizes=\"auto, (max-width: 300px) 100vw, 300px\" \/><\/a><figcaption id=\"caption-attachment-4055\" class=\"wp-caption-text\">Deux aventuri\u00e8res rencontr\u00e9es au gr\u00e9 de nos balades&#8230;<\/figcaption><\/figure>\n<p>Apr\u00e8s une nuit calme, nous levons l\u2019ancre pour le sud et l\u2019\u00cele des Pins, \u00e0 quarante milles. Oui, mais avec le vent dans le nez\u00a0: nous ferons finalement presque le double avant d\u2019arriver dans la baie de Kuto, sur la c\u00f4te sud-ouest, en d\u00e9but de soir\u00e9e. Entre temps, une bonite se sera fait prendre et finira dans nous assiettes.<\/p>\n<figure id=\"attachment_4056\" aria-describedby=\"caption-attachment-4056\" style=\"width: 300px\" class=\"wp-caption aligncenter\"><a href=\"http:\/\/kouskeol.fr\/wp-content\/uploads\/2016\/08\/Peche.jpg\" target=\"_blank\"><img loading=\"lazy\" decoding=\"async\" class=\"wp-image-4056 size-medium\" src=\"http:\/\/kouskeol.fr\/wp-content\/uploads\/2016\/08\/Peche-300x169.jpg\" alt=\"Peche\" width=\"300\" height=\"169\" srcset=\"https:\/\/kouskeol.fr\/wp-content\/uploads\/2016\/08\/Peche-300x169.jpg 300w, https:\/\/kouskeol.fr\/wp-content\/uploads\/2016\/08\/Peche-768x432.jpg 768w, https:\/\/kouskeol.fr\/wp-content\/uploads\/2016\/08\/Peche-1024x576.jpg 1024w, https:\/\/kouskeol.fr\/wp-content\/uploads\/2016\/08\/Peche.jpg 1280w\" sizes=\"auto, (max-width: 300px) 100vw, 300px\" \/><\/a><figcaption id=\"caption-attachment-4056\" class=\"wp-caption-text\">Viande fra\u00eeche pour ce soir!<\/figcaption><\/figure>\n<p>Une demi-douzaine de voiliers semble nous attendre dans le fond de la baie.<\/p>\n<figure id=\"attachment_4063\" aria-describedby=\"caption-attachment-4063\" style=\"width: 300px\" class=\"wp-caption aligncenter\"><a href=\"http:\/\/kouskeol.fr\/wp-content\/uploads\/2016\/08\/Kuto-baie.jpg\" target=\"_blank\"><img loading=\"lazy\" decoding=\"async\" class=\"wp-image-4063 size-medium\" src=\"http:\/\/kouskeol.fr\/wp-content\/uploads\/2016\/08\/Kuto-baie-300x225.jpg\" alt=\"Kuto baie\" width=\"300\" height=\"225\" srcset=\"https:\/\/kouskeol.fr\/wp-content\/uploads\/2016\/08\/Kuto-baie-300x225.jpg 300w, https:\/\/kouskeol.fr\/wp-content\/uploads\/2016\/08\/Kuto-baie-768x576.jpg 768w, https:\/\/kouskeol.fr\/wp-content\/uploads\/2016\/08\/Kuto-baie-1024x768.jpg 1024w, https:\/\/kouskeol.fr\/wp-content\/uploads\/2016\/08\/Kuto-baie.jpg 1278w\" sizes=\"auto, (max-width: 300px) 100vw, 300px\" \/><\/a><figcaption id=\"caption-attachment-4063\" class=\"wp-caption-text\">Le mouillage dans la baie de Kuto.<\/figcaption><\/figure>\n<figure id=\"attachment_4057\" aria-describedby=\"caption-attachment-4057\" style=\"width: 300px\" class=\"wp-caption aligncenter\"><a href=\"http:\/\/kouskeol.fr\/wp-content\/uploads\/2016\/08\/KEOL0575-1280x720.jpg\" target=\"_blank\"><img loading=\"lazy\" decoding=\"async\" class=\"wp-image-4057 size-medium\" src=\"http:\/\/kouskeol.fr\/wp-content\/uploads\/2016\/08\/KEOL0575-1280x720-300x168.jpg\" alt=\"KEOL0575 (1280x720)\" width=\"300\" height=\"168\" srcset=\"https:\/\/kouskeol.fr\/wp-content\/uploads\/2016\/08\/KEOL0575-1280x720-300x168.jpg 300w, https:\/\/kouskeol.fr\/wp-content\/uploads\/2016\/08\/KEOL0575-1280x720-768x431.jpg 768w, https:\/\/kouskeol.fr\/wp-content\/uploads\/2016\/08\/KEOL0575-1280x720-1024x574.jpg 1024w, https:\/\/kouskeol.fr\/wp-content\/uploads\/2016\/08\/KEOL0575-1280x720.jpg 1280w\" sizes=\"auto, (max-width: 300px) 100vw, 300px\" \/><\/a><figcaption id=\"caption-attachment-4057\" class=\"wp-caption-text\">Le repas n&rsquo;est pas loin&#8230;<\/figcaption><\/figure>\n<p>Le lendemain, un \u00e9norme bateau de croisi\u00e8re ancr\u00e9 plus au large d\u00e9barque sa cargaison de touristes par navettes successives, pour le bonheur des marchants de souvenirs.<\/p>\n<p>Du coup, une activit\u00e9 inhabituelle r\u00e8gne sur le village. Les plages, dont le sable est tr\u00e8s fin et blanc, sont squatt\u00e9es. Des vans proposent des tours de l\u2019\u00eele. Nous avons rep\u00e9r\u00e9 un restaurant donnant sur la plage\u00a0: DD l\u2019addict \u00e0 l\u2019<i>espresso ristreto<\/i> d\u00e9cide d\u2019aller tester. Le caf\u00e9 est bon et la vue sur la baie est agr\u00e9able\u00a0: nous reviendrons\u00a0!<\/p>\n<p>Les rochers en forme de champignons nous rappellent les structure vues aux Fidji\u00a0: socle corallien pouss\u00e9 vers le haut par la pression tectonique, et grignot\u00e9 lentement par la mer par le bas.<\/p>\n<figure id=\"attachment_4059\" aria-describedby=\"caption-attachment-4059\" style=\"width: 300px\" class=\"wp-caption aligncenter\"><a href=\"http:\/\/kouskeol.fr\/wp-content\/uploads\/2016\/08\/KutoBAie3.jpg\" target=\"_blank\"><img loading=\"lazy\" decoding=\"async\" class=\"wp-image-4059 size-medium\" src=\"http:\/\/kouskeol.fr\/wp-content\/uploads\/2016\/08\/KutoBAie3-300x198.jpg\" alt=\"KutoBAie3\" width=\"300\" height=\"198\" srcset=\"https:\/\/kouskeol.fr\/wp-content\/uploads\/2016\/08\/KutoBAie3-300x198.jpg 300w, https:\/\/kouskeol.fr\/wp-content\/uploads\/2016\/08\/KutoBAie3-768x507.jpg 768w, https:\/\/kouskeol.fr\/wp-content\/uploads\/2016\/08\/KutoBAie3-1024x676.jpg 1024w, https:\/\/kouskeol.fr\/wp-content\/uploads\/2016\/08\/KutoBAie3.jpg 1278w\" sizes=\"auto, (max-width: 300px) 100vw, 300px\" \/><\/a><figcaption id=\"caption-attachment-4059\" class=\"wp-caption-text\">Les \u00ab\u00a0champignons\u00a0\u00bb de l&rsquo;\u00eele des Pins.<\/figcaption><\/figure>\n<p><a href=\"http:\/\/kouskeol.fr\/wp-content\/uploads\/2016\/08\/CCK55457-1280x848.jpg\" target=\"_blank\"><img loading=\"lazy\" decoding=\"async\" class=\"aligncenter wp-image-4058 size-medium\" src=\"http:\/\/kouskeol.fr\/wp-content\/uploads\/2016\/08\/CCK55457-1280x848-300x198.jpg\" alt=\"CCK55457 (1280x848)\" width=\"300\" height=\"198\" srcset=\"https:\/\/kouskeol.fr\/wp-content\/uploads\/2016\/08\/CCK55457-1280x848-300x198.jpg 300w, https:\/\/kouskeol.fr\/wp-content\/uploads\/2016\/08\/CCK55457-1280x848-768x507.jpg 768w, https:\/\/kouskeol.fr\/wp-content\/uploads\/2016\/08\/CCK55457-1280x848-1024x676.jpg 1024w, https:\/\/kouskeol.fr\/wp-content\/uploads\/2016\/08\/CCK55457-1280x848.jpg 1278w\" sizes=\"auto, (max-width: 300px) 100vw, 300px\" \/><\/a><\/p>\n<p>On vous passera cette fois le chapitre sur les plages idylliques o\u00f9 il fait bon se baigner au milieu des poissons multicolores et peu farouches, sans voisin avec qui partager ce bout de paradis. Par pure humanit\u00e9.<\/p>\n<figure id=\"attachment_4062\" aria-describedby=\"caption-attachment-4062\" style=\"width: 300px\" class=\"wp-caption aligncenter\"><a href=\"http:\/\/kouskeol.fr\/wp-content\/uploads\/2016\/08\/Kuto6.jpg\" target=\"_blank\"><img loading=\"lazy\" decoding=\"async\" class=\"wp-image-4062 size-medium\" src=\"http:\/\/kouskeol.fr\/wp-content\/uploads\/2016\/08\/Kuto6-300x197.jpg\" alt=\"Kuto6\" width=\"300\" height=\"197\" srcset=\"https:\/\/kouskeol.fr\/wp-content\/uploads\/2016\/08\/Kuto6-300x197.jpg 300w, https:\/\/kouskeol.fr\/wp-content\/uploads\/2016\/08\/Kuto6-768x503.jpg 768w, https:\/\/kouskeol.fr\/wp-content\/uploads\/2016\/08\/Kuto6-1024x671.jpg 1024w, https:\/\/kouskeol.fr\/wp-content\/uploads\/2016\/08\/Kuto6.jpg 1270w\" sizes=\"auto, (max-width: 300px) 100vw, 300px\" \/><\/a><figcaption id=\"caption-attachment-4062\" class=\"wp-caption-text\">La plage, bord\u00e9e de pins colonnaires majestueux.<\/figcaption><\/figure>\n<p><a href=\"http:\/\/kouskeol.fr\/wp-content\/uploads\/2016\/08\/Kuto5.jpg\" target=\"_blank\"><img loading=\"lazy\" decoding=\"async\" class=\"aligncenter wp-image-4061 size-medium\" src=\"http:\/\/kouskeol.fr\/wp-content\/uploads\/2016\/08\/Kuto5-300x198.jpg\" alt=\"Kuto5\" width=\"300\" height=\"198\" srcset=\"https:\/\/kouskeol.fr\/wp-content\/uploads\/2016\/08\/Kuto5-300x198.jpg 300w, https:\/\/kouskeol.fr\/wp-content\/uploads\/2016\/08\/Kuto5-768x507.jpg 768w, https:\/\/kouskeol.fr\/wp-content\/uploads\/2016\/08\/Kuto5-1024x676.jpg 1024w, https:\/\/kouskeol.fr\/wp-content\/uploads\/2016\/08\/Kuto5.jpg 1276w\" sizes=\"auto, (max-width: 300px) 100vw, 300px\" \/><\/a><\/p>\n<p><a href=\"http:\/\/kouskeol.fr\/wp-content\/uploads\/2016\/08\/Kuto2.jpg\" target=\"_blank\"><img loading=\"lazy\" decoding=\"async\" class=\"aligncenter wp-image-4060 size-medium\" src=\"http:\/\/kouskeol.fr\/wp-content\/uploads\/2016\/08\/Kuto2-300x225.jpg\" alt=\"Kuto2\" width=\"300\" height=\"225\" srcset=\"https:\/\/kouskeol.fr\/wp-content\/uploads\/2016\/08\/Kuto2-300x225.jpg 300w, https:\/\/kouskeol.fr\/wp-content\/uploads\/2016\/08\/Kuto2-768x576.jpg 768w, https:\/\/kouskeol.fr\/wp-content\/uploads\/2016\/08\/Kuto2-1024x768.jpg 1024w, https:\/\/kouskeol.fr\/wp-content\/uploads\/2016\/08\/Kuto2.jpg 1280w\" sizes=\"auto, (max-width: 300px) 100vw, 300px\" \/><\/a><\/p>\n<p>Un chapitre de l\u2019histoire de l\u2019\u00cele des Pins est un peu glauque\u00a0: vers la fin du dix-neuvi\u00e8me si\u00e8cle, il fallait trouver un remplacement au bagne de Cayenne, dont l\u2019\u00eele du Diable devenait invivable, m\u00eame pour des conscrits. Et il avait \u00e9t\u00e9 d\u00e9cid\u00e9 d&rsquo;acc\u00e9l\u00e9rer la colonisation de la Nouvelle-Cal\u00e9donie: il fallait de la main d&rsquo;oeuvre, pas trop on\u00e9reuse si possible. \u00c7a tombait bien:\u00a0\u00a0la mise au pas de la Commune apportait son lot de prisonniers politiques. C\u2019est ce bout de paradis qui fut choisit pour les \u00ab\u00a0accueillir\u00a0\u00bb. Les premiers bagnards construisirent un p\u00e9nitencier et les logements de l\u2019administration. Ces derniers sont toujours en partie occup\u00e9s.<\/p>\n<figure id=\"attachment_4066\" aria-describedby=\"caption-attachment-4066\" style=\"width: 300px\" class=\"wp-caption aligncenter\"><a href=\"http:\/\/kouskeol.fr\/wp-content\/uploads\/2016\/08\/KutoGendarmerie.jpg\" target=\"_blank\"><img loading=\"lazy\" decoding=\"async\" class=\"wp-image-4066 size-medium\" src=\"http:\/\/kouskeol.fr\/wp-content\/uploads\/2016\/08\/KutoGendarmerie-300x225.jpg\" alt=\"KutoGendarmerie\" width=\"300\" height=\"225\" srcset=\"https:\/\/kouskeol.fr\/wp-content\/uploads\/2016\/08\/KutoGendarmerie-300x225.jpg 300w, https:\/\/kouskeol.fr\/wp-content\/uploads\/2016\/08\/KutoGendarmerie-768x576.jpg 768w, https:\/\/kouskeol.fr\/wp-content\/uploads\/2016\/08\/KutoGendarmerie-1024x768.jpg 1024w, https:\/\/kouskeol.fr\/wp-content\/uploads\/2016\/08\/KutoGendarmerie.jpg 1280w\" sizes=\"auto, (max-width: 300px) 100vw, 300px\" \/><\/a><figcaption id=\"caption-attachment-4066\" class=\"wp-caption-text\">La gendarmerie.<\/figcaption><\/figure>\n<p>Le bagne, ou du moins ce qu\u2019il en reste, n\u2019est qu\u2019\u00e0 deux ou trois kilom\u00e8tres\u00a0: ce sera le but de notre premi\u00e8re exploration de l\u2019\u00eele. Il n\u2019en subsiste que des ruines\u00a0: il n\u2019y a apparemment aucune volont\u00e9 de perp\u00e9tuer le souvenir peu glorieux de cette \u00e9poque. La s\u00e9r\u00e9nit\u00e9 et la beaut\u00e9 de l\u2019\u00eele ne devaient certainement pas arriver \u00e0 rendre les cellules \u00e9triqu\u00e9es et les cachots sombres plus avenants.<\/p>\n<p><a href=\"http:\/\/kouskeol.fr\/wp-content\/uploads\/2016\/08\/Bagne1.jpg\" target=\"_blank\"><img loading=\"lazy\" decoding=\"async\" class=\"aligncenter wp-image-4067 size-medium\" src=\"http:\/\/kouskeol.fr\/wp-content\/uploads\/2016\/08\/Bagne1-300x225.jpg\" alt=\"Bagne1\" width=\"300\" height=\"225\" srcset=\"https:\/\/kouskeol.fr\/wp-content\/uploads\/2016\/08\/Bagne1-300x225.jpg 300w, https:\/\/kouskeol.fr\/wp-content\/uploads\/2016\/08\/Bagne1-768x576.jpg 768w, https:\/\/kouskeol.fr\/wp-content\/uploads\/2016\/08\/Bagne1-1024x768.jpg 1024w, https:\/\/kouskeol.fr\/wp-content\/uploads\/2016\/08\/Bagne1.jpg 1278w\" sizes=\"auto, (max-width: 300px) 100vw, 300px\" \/><\/a><\/p>\n<p><a href=\"http:\/\/kouskeol.fr\/wp-content\/uploads\/2016\/08\/Bagne2.jpg\" target=\"_blank\"><img loading=\"lazy\" decoding=\"async\" class=\"aligncenter wp-image-4068 size-medium\" src=\"http:\/\/kouskeol.fr\/wp-content\/uploads\/2016\/08\/Bagne2-300x225.jpg\" alt=\"Bagne2\" width=\"300\" height=\"225\" srcset=\"https:\/\/kouskeol.fr\/wp-content\/uploads\/2016\/08\/Bagne2-300x225.jpg 300w, https:\/\/kouskeol.fr\/wp-content\/uploads\/2016\/08\/Bagne2-768x576.jpg 768w, https:\/\/kouskeol.fr\/wp-content\/uploads\/2016\/08\/Bagne2-1024x768.jpg 1024w, https:\/\/kouskeol.fr\/wp-content\/uploads\/2016\/08\/Bagne2.jpg 1278w\" sizes=\"auto, (max-width: 300px) 100vw, 300px\" \/><\/a><\/p>\n<p><a href=\"http:\/\/kouskeol.fr\/wp-content\/uploads\/2016\/08\/Bagne3.jpg\" target=\"_blank\"><img loading=\"lazy\" decoding=\"async\" class=\"aligncenter wp-image-4069 size-medium\" src=\"http:\/\/kouskeol.fr\/wp-content\/uploads\/2016\/08\/Bagne3-300x224.jpg\" alt=\"Bagne3\" width=\"300\" height=\"224\" srcset=\"https:\/\/kouskeol.fr\/wp-content\/uploads\/2016\/08\/Bagne3-300x224.jpg 300w, https:\/\/kouskeol.fr\/wp-content\/uploads\/2016\/08\/Bagne3-768x574.jpg 768w, https:\/\/kouskeol.fr\/wp-content\/uploads\/2016\/08\/Bagne3-1024x765.jpg 1024w, https:\/\/kouskeol.fr\/wp-content\/uploads\/2016\/08\/Bagne3.jpg 1272w\" sizes=\"auto, (max-width: 300px) 100vw, 300px\" \/><\/a><\/p>\n<p>Le cimeti\u00e8re des d\u00e9port\u00e9s, un peu plus loin, est poignant\u00a0: restaur\u00e9, les tombes sont sobres et anonymes \u00e0 part deux d\u2019entre elles qui ont gard\u00e9 les pierres d\u2019origine. Nous d\u00e9couvrons que des Kabyles faisaient partie du lot\u00a0: des prisonniers faits lors de la r\u00e9volte contre le colonisateur en 1871.<\/p>\n<p><a href=\"http:\/\/kouskeol.fr\/wp-content\/uploads\/2016\/08\/BagneCimetiere.jpg\" target=\"_blank\"><img loading=\"lazy\" decoding=\"async\" class=\"aligncenter wp-image-4070 size-medium\" src=\"http:\/\/kouskeol.fr\/wp-content\/uploads\/2016\/08\/BagneCimetiere-300x197.jpg\" alt=\"BagneCimetiere\" width=\"300\" height=\"197\" srcset=\"https:\/\/kouskeol.fr\/wp-content\/uploads\/2016\/08\/BagneCimetiere-300x197.jpg 300w, https:\/\/kouskeol.fr\/wp-content\/uploads\/2016\/08\/BagneCimetiere-768x503.jpg 768w, https:\/\/kouskeol.fr\/wp-content\/uploads\/2016\/08\/BagneCimetiere-1024x671.jpg 1024w, https:\/\/kouskeol.fr\/wp-content\/uploads\/2016\/08\/BagneCimetiere.jpg 1270w\" sizes=\"auto, (max-width: 300px) 100vw, 300px\" \/><\/a><\/p>\n<p>L\u2019objectif de notre deuxi\u00e8me balade sera le pic N\u2019Ga, point culminant de l\u2019\u00eele. Pas moins. Deux mille six cents d\u00e9cim\u00e8tres d\u2019altitude. Un briefing pr\u00e9paratoire se tient devant un caf\u00e9\u00a0: notre grosse exp\u00e9rience des exp\u00e9ditions himalayennes nous fera d\u00e9cider pour la voie normale et des sandalettes plut\u00f4t que nos claquettes usuelles, en une cord\u00e9e de quatre sans corde, technique alpine l\u00e9g\u00e8re oblige. Comme nous n\u2019aurons pas de sherpas, nous prendrons une bouteille d\u2019eau pour quatre\u00a0: la dur\u00e9e de l\u2019ascension est tout de m\u00eame pr\u00e9vue pour quarante-cinq minutes. Sachons mettre toutes les chances de notre c\u00f4t\u00e9.<\/p>\n<p>La mont\u00e9e d\u00e9marre en sous bois, dans ce qui ressemble \u00e0 un exub\u00e9rant jardin tropical. Une gu\u00e9rite prot\u00e9g\u00e9e par son totem abrite une boite servant \u00e0 r\u00e9cup\u00e9rer le p\u00e9cule demand\u00e9 pour l\u2019acc\u00e8s par la tribu sur laquelle se trouve le sommet.<\/p>\n<figure id=\"attachment_4072\" aria-describedby=\"caption-attachment-4072\" style=\"width: 198px\" class=\"wp-caption aligncenter\"><a href=\"http:\/\/kouskeol.fr\/wp-content\/uploads\/2016\/08\/GrotteTotems.jpg\" target=\"_blank\"><img loading=\"lazy\" decoding=\"async\" class=\"wp-image-4072 size-medium\" src=\"http:\/\/kouskeol.fr\/wp-content\/uploads\/2016\/08\/GrotteTotems-198x300.jpg\" alt=\"GrotteTotems\" width=\"198\" height=\"300\" srcset=\"https:\/\/kouskeol.fr\/wp-content\/uploads\/2016\/08\/GrotteTotems-198x300.jpg 198w, https:\/\/kouskeol.fr\/wp-content\/uploads\/2016\/08\/GrotteTotems-768x1165.jpg 768w, https:\/\/kouskeol.fr\/wp-content\/uploads\/2016\/08\/GrotteTotems-675x1024.jpg 675w, https:\/\/kouskeol.fr\/wp-content\/uploads\/2016\/08\/GrotteTotems.jpg 840w\" sizes=\"auto, (max-width: 198px) 100vw, 198px\" \/><\/a><figcaption id=\"caption-attachment-4072\" class=\"wp-caption-text\">Totems \u00e0 l&rsquo;entr\u00e9e du parc.<\/figcaption><\/figure>\n<p>&nbsp;<\/p>\n<p>Puis le chemin se d\u00e9gage et la vue devient grandiose sur les baies et le lagon qui entourent l\u2019\u00eele.<\/p>\n<figure id=\"attachment_4073\" aria-describedby=\"caption-attachment-4073\" style=\"width: 300px\" class=\"wp-caption aligncenter\"><a href=\"http:\/\/kouskeol.fr\/wp-content\/uploads\/2016\/08\/CCK55399-1280x848.jpg\" target=\"_blank\"><img loading=\"lazy\" decoding=\"async\" class=\"wp-image-4073 size-medium\" src=\"http:\/\/kouskeol.fr\/wp-content\/uploads\/2016\/08\/CCK55399-1280x848-300x198.jpg\" width=\"300\" height=\"198\" srcset=\"https:\/\/kouskeol.fr\/wp-content\/uploads\/2016\/08\/CCK55399-1280x848-300x198.jpg 300w, https:\/\/kouskeol.fr\/wp-content\/uploads\/2016\/08\/CCK55399-1280x848-768x507.jpg 768w, https:\/\/kouskeol.fr\/wp-content\/uploads\/2016\/08\/CCK55399-1280x848-1024x676.jpg 1024w, https:\/\/kouskeol.fr\/wp-content\/uploads\/2016\/08\/CCK55399-1280x848.jpg 1276w\" sizes=\"auto, (max-width: 300px) 100vw, 300px\" \/><\/a><figcaption id=\"caption-attachment-4073\" class=\"wp-caption-text\">Vue sur le lagon.<\/figcaption><\/figure>\n<p>Nous apercevons m\u00eame Kousk Eol au loin dans la baie de Kuto.<\/p>\n<figure id=\"attachment_4074\" aria-describedby=\"caption-attachment-4074\" style=\"width: 300px\" class=\"wp-caption aligncenter\"><a href=\"http:\/\/kouskeol.fr\/wp-content\/uploads\/2016\/08\/KutoBaie.jpg\" target=\"_blank\"><img loading=\"lazy\" decoding=\"async\" class=\"wp-image-4074 size-medium\" src=\"http:\/\/kouskeol.fr\/wp-content\/uploads\/2016\/08\/KutoBaie-300x198.jpg\" alt=\"KutoBaie\" width=\"300\" height=\"198\" srcset=\"https:\/\/kouskeol.fr\/wp-content\/uploads\/2016\/08\/KutoBaie-300x198.jpg 300w, https:\/\/kouskeol.fr\/wp-content\/uploads\/2016\/08\/KutoBaie-768x506.jpg 768w, https:\/\/kouskeol.fr\/wp-content\/uploads\/2016\/08\/KutoBaie-1024x675.jpg 1024w, https:\/\/kouskeol.fr\/wp-content\/uploads\/2016\/08\/KutoBaie.jpg 1274w\" sizes=\"auto, (max-width: 300px) 100vw, 300px\" \/><\/a><figcaption id=\"caption-attachment-4074\" class=\"wp-caption-text\">La baie de Kuto.<\/figcaption><\/figure>\n<p>Comme il n\u2019y a pas de n\u00e9v\u00e9s cette ann\u00e9e, nous progressons rapidement et le sommet est gaillardement atteint. La vue sur cent quatre-vingts degr\u00e9s est encore plus majestueuse. L\u2019\u00eele est couverte de pins\u00a0: serait-ce l\u2019origine de son nom\u00a0? Il faut que nous enqu\u00eations\u2026<\/p>\n<figure id=\"attachment_4088\" aria-describedby=\"caption-attachment-4088\" style=\"width: 300px\" class=\"wp-caption aligncenter\"><a href=\"http:\/\/kouskeol.fr\/wp-content\/uploads\/2016\/08\/Transparence1.jpg\" target=\"_blank\"><img loading=\"lazy\" decoding=\"async\" class=\"wp-image-4088 size-medium\" src=\"http:\/\/kouskeol.fr\/wp-content\/uploads\/2016\/08\/Transparence1-300x206.jpg\" alt=\"Transparence1\" width=\"300\" height=\"206\" srcset=\"https:\/\/kouskeol.fr\/wp-content\/uploads\/2016\/08\/Transparence1-300x206.jpg 300w, https:\/\/kouskeol.fr\/wp-content\/uploads\/2016\/08\/Transparence1-768x526.jpg 768w, https:\/\/kouskeol.fr\/wp-content\/uploads\/2016\/08\/Transparence1-1024x702.jpg 1024w, https:\/\/kouskeol.fr\/wp-content\/uploads\/2016\/08\/Transparence1.jpg 1280w\" sizes=\"auto, (max-width: 300px) 100vw, 300px\" \/><\/a><figcaption id=\"caption-attachment-4088\" class=\"wp-caption-text\">Petits poissons : photo prise depuis la surface.<\/figcaption><\/figure>\n<p>De retour, pour continuer notre exploration, nous prenons un taxi pour Vao, la capitale, \u00e0 six kilom\u00e8tres. Toujours cette impression qu\u2019il n\u2019y a pas vraiment de village tant les habitations sont dispers\u00e9es sans ordre apparent. Les Kanaks parlent d\u2019ailleurs de tribus plut\u00f4t que de villages. Vao a sa chefferie comme il se doit, qui abrite le grand chef des tribus du district.<\/p>\n<figure id=\"attachment_4075\" aria-describedby=\"caption-attachment-4075\" style=\"width: 300px\" class=\"wp-caption aligncenter\"><a href=\"http:\/\/kouskeol.fr\/wp-content\/uploads\/2016\/08\/VaoCaseChef.jpg\" target=\"_blank\"><img loading=\"lazy\" decoding=\"async\" class=\"wp-image-4075 size-medium\" src=\"http:\/\/kouskeol.fr\/wp-content\/uploads\/2016\/08\/VaoCaseChef-300x197.jpg\" alt=\"VaoCaseChef\" width=\"300\" height=\"197\" srcset=\"https:\/\/kouskeol.fr\/wp-content\/uploads\/2016\/08\/VaoCaseChef-300x197.jpg 300w, https:\/\/kouskeol.fr\/wp-content\/uploads\/2016\/08\/VaoCaseChef-768x504.jpg 768w, https:\/\/kouskeol.fr\/wp-content\/uploads\/2016\/08\/VaoCaseChef-1024x672.jpg 1024w, https:\/\/kouskeol.fr\/wp-content\/uploads\/2016\/08\/VaoCaseChef.jpg 1270w\" sizes=\"auto, (max-width: 300px) 100vw, 300px\" \/><\/a><figcaption id=\"caption-attachment-4075\" class=\"wp-caption-text\">La chefferie de Vao.<\/figcaption><\/figure>\n<p>Pr\u00e8s du lagon, un mausol\u00e9e \u00e0 la gloire des premiers \u00e9vang\u00e9lisateurs est prot\u00e9g\u00e9 par les totems coutumiers\u00a0: on ne sait jamais\u2026<\/p>\n<p><a href=\"http:\/\/kouskeol.fr\/wp-content\/uploads\/2016\/08\/VaoTotem1.jpg\" target=\"_blank\"><img loading=\"lazy\" decoding=\"async\" class=\"aligncenter wp-image-4076 size-medium\" src=\"http:\/\/kouskeol.fr\/wp-content\/uploads\/2016\/08\/VaoTotem1-300x196.jpg\" alt=\"VaoTotem1\" width=\"300\" height=\"196\" srcset=\"https:\/\/kouskeol.fr\/wp-content\/uploads\/2016\/08\/VaoTotem1-300x196.jpg 300w, https:\/\/kouskeol.fr\/wp-content\/uploads\/2016\/08\/VaoTotem1-768x503.jpg 768w, https:\/\/kouskeol.fr\/wp-content\/uploads\/2016\/08\/VaoTotem1-1024x670.jpg 1024w, https:\/\/kouskeol.fr\/wp-content\/uploads\/2016\/08\/VaoTotem1.jpg 1268w\" sizes=\"auto, (max-width: 300px) 100vw, 300px\" \/><\/a><\/p>\n<p><a href=\"http:\/\/kouskeol.fr\/wp-content\/uploads\/2016\/08\/VaoTotem4.jpg\" target=\"_blank\"><img loading=\"lazy\" decoding=\"async\" class=\"aligncenter wp-image-4077 size-medium\" src=\"http:\/\/kouskeol.fr\/wp-content\/uploads\/2016\/08\/VaoTotem4-300x196.jpg\" alt=\"VaoTotem4\" width=\"300\" height=\"196\" srcset=\"https:\/\/kouskeol.fr\/wp-content\/uploads\/2016\/08\/VaoTotem4-300x196.jpg 300w, https:\/\/kouskeol.fr\/wp-content\/uploads\/2016\/08\/VaoTotem4-768x503.jpg 768w, https:\/\/kouskeol.fr\/wp-content\/uploads\/2016\/08\/VaoTotem4-1024x670.jpg 1024w, https:\/\/kouskeol.fr\/wp-content\/uploads\/2016\/08\/VaoTotem4.jpg 1268w\" sizes=\"auto, (max-width: 300px) 100vw, 300px\" \/><\/a><\/p>\n<p><a href=\"http:\/\/kouskeol.fr\/wp-content\/uploads\/2016\/08\/VaoTotem5.jpg\" target=\"_blank\"><img loading=\"lazy\" decoding=\"async\" class=\"aligncenter wp-image-4078 size-medium\" src=\"http:\/\/kouskeol.fr\/wp-content\/uploads\/2016\/08\/VaoTotem5-300x199.jpg\" alt=\"VaoTotem5\" width=\"300\" height=\"199\" srcset=\"https:\/\/kouskeol.fr\/wp-content\/uploads\/2016\/08\/VaoTotem5-300x199.jpg 300w, https:\/\/kouskeol.fr\/wp-content\/uploads\/2016\/08\/VaoTotem5-768x509.jpg 768w, https:\/\/kouskeol.fr\/wp-content\/uploads\/2016\/08\/VaoTotem5-1024x678.jpg 1024w, https:\/\/kouskeol.fr\/wp-content\/uploads\/2016\/08\/VaoTotem5.jpg 1280w\" sizes=\"auto, (max-width: 300px) 100vw, 300px\" \/><\/a><\/p>\n<p><a href=\"http:\/\/kouskeol.fr\/wp-content\/uploads\/2016\/08\/VaoTotem2.jpg\" target=\"_blank\"><img loading=\"lazy\" decoding=\"async\" class=\"aligncenter wp-image-4079 size-medium\" src=\"http:\/\/kouskeol.fr\/wp-content\/uploads\/2016\/08\/VaoTotem2-300x199.jpg\" alt=\"VaoTotem2\" width=\"300\" height=\"199\" srcset=\"https:\/\/kouskeol.fr\/wp-content\/uploads\/2016\/08\/VaoTotem2-300x199.jpg 300w, https:\/\/kouskeol.fr\/wp-content\/uploads\/2016\/08\/VaoTotem2-768x509.jpg 768w, https:\/\/kouskeol.fr\/wp-content\/uploads\/2016\/08\/VaoTotem2-1024x678.jpg 1024w, https:\/\/kouskeol.fr\/wp-content\/uploads\/2016\/08\/VaoTotem2.jpg 1280w\" sizes=\"auto, (max-width: 300px) 100vw, 300px\" \/><\/a><\/p>\n<p>Plus au centre, une curieuse \u00e9glise\u2026<\/p>\n<p><a href=\"http:\/\/kouskeol.fr\/wp-content\/uploads\/2016\/08\/VaoEglise.jpg\" target=\"_blank\"><img loading=\"lazy\" decoding=\"async\" class=\"aligncenter wp-image-4080 size-medium\" src=\"http:\/\/kouskeol.fr\/wp-content\/uploads\/2016\/08\/VaoEglise-300x196.jpg\" alt=\"VaoEglise\" width=\"300\" height=\"196\" srcset=\"https:\/\/kouskeol.fr\/wp-content\/uploads\/2016\/08\/VaoEglise-300x196.jpg 300w, https:\/\/kouskeol.fr\/wp-content\/uploads\/2016\/08\/VaoEglise-768x503.jpg 768w, https:\/\/kouskeol.fr\/wp-content\/uploads\/2016\/08\/VaoEglise-1024x670.jpg 1024w, https:\/\/kouskeol.fr\/wp-content\/uploads\/2016\/08\/VaoEglise.jpg 1268w\" sizes=\"auto, (max-width: 300px) 100vw, 300px\" \/><\/a><\/p>\n<p>Et puis l\u2019heure de rentrer arrive\u00a0: vu que nous n\u2019avons pas de t\u00e9l\u00e9phone pour appeler l\u2019un des deux taxis de l\u2019\u00eele, il faut se taper les six kilom\u00e8tres de retour \u00e0 pied, sous le cagnard. Comme nous sommes courageux (c.f. l\u2019ascension du pic), et surtout que nous n\u2019avons pas le choix, nous y allons gaillardement. En levant le pouce. Et comme nous sommes sur les \u00eeles, \u00e7a marche\u00a0: un pick-up nous prend dans sa benne et nous d\u00e9pose devant l\u2019annexe sur la plage. Les Kanaks sont un peuple merveilleux\u00a0!<\/p>\n<figure id=\"attachment_4089\" aria-describedby=\"caption-attachment-4089\" style=\"width: 300px\" class=\"wp-caption aligncenter\"><a href=\"http:\/\/kouskeol.fr\/wp-content\/uploads\/2016\/08\/Banian.jpg\" target=\"_blank\"><img loading=\"lazy\" decoding=\"async\" class=\"wp-image-4089 size-medium\" src=\"http:\/\/kouskeol.fr\/wp-content\/uploads\/2016\/08\/Banian-300x199.jpg\" alt=\"Banian\" width=\"300\" height=\"199\" srcset=\"https:\/\/kouskeol.fr\/wp-content\/uploads\/2016\/08\/Banian-300x199.jpg 300w, https:\/\/kouskeol.fr\/wp-content\/uploads\/2016\/08\/Banian-768x509.jpg 768w, https:\/\/kouskeol.fr\/wp-content\/uploads\/2016\/08\/Banian-1024x678.jpg 1024w, https:\/\/kouskeol.fr\/wp-content\/uploads\/2016\/08\/Banian.jpg 1280w\" sizes=\"auto, (max-width: 300px) 100vw, 300px\" \/><\/a><figcaption id=\"caption-attachment-4089\" class=\"wp-caption-text\">Quand petit banian deviendra grand&#8230;<\/figcaption><\/figure>\n<p>Le lendemain, afin d\u2019\u00e9liminer certains al\u00e9as, nous louons une voiture pour faire le tour de l\u2019\u00eele, qui est vaste. Au programme, la visite de la grotte o\u00f9 s\u2019est r\u00e9fugi\u00e9e la Reine Hortense qui s\u2019opposait \u00e0 la d\u00e9portation des Kanaks pour laisser la place aux bagnards. La base calcaire de l\u2019\u00eele, compos\u00e9e de fossiles des coraux qui se sont d\u00e9velopp\u00e9s sur les restes du volcan originel, et repouss\u00e9e vers le haut par la pression, est trou\u00e9e comme un gruy\u00e8re. La visite d\u00e9bute par la travers\u00e9e d\u2019un int\u00e9ressant jardin montrant les pantes end\u00e9miques de l\u2019\u00eele, et d\u00e9bouchant sur l\u2019entr\u00e9e majestueuse de la grotte.<\/p>\n<p><a href=\"http:\/\/kouskeol.fr\/wp-content\/uploads\/2016\/08\/Hortense2.jpg\" target=\"_blank\"><img loading=\"lazy\" decoding=\"async\" class=\"aligncenter wp-image-4081 size-medium\" src=\"http:\/\/kouskeol.fr\/wp-content\/uploads\/2016\/08\/Hortense2-199x300.jpg\" alt=\"Hortense2\" width=\"199\" height=\"300\" srcset=\"https:\/\/kouskeol.fr\/wp-content\/uploads\/2016\/08\/Hortense2-199x300.jpg 199w, https:\/\/kouskeol.fr\/wp-content\/uploads\/2016\/08\/Hortense2-768x1159.jpg 768w, https:\/\/kouskeol.fr\/wp-content\/uploads\/2016\/08\/Hortense2-678x1024.jpg 678w, https:\/\/kouskeol.fr\/wp-content\/uploads\/2016\/08\/Hortense2.jpg 848w\" sizes=\"auto, (max-width: 199px) 100vw, 199px\" \/><\/a><\/p>\n<p><a href=\"http:\/\/kouskeol.fr\/wp-content\/uploads\/2016\/08\/Hortense1.jpg\" target=\"_blank\"><img loading=\"lazy\" decoding=\"async\" class=\"aligncenter wp-image-4082 size-medium\" src=\"http:\/\/kouskeol.fr\/wp-content\/uploads\/2016\/08\/Hortense1-300x198.jpg\" alt=\"Hortense1\" width=\"300\" height=\"198\" srcset=\"https:\/\/kouskeol.fr\/wp-content\/uploads\/2016\/08\/Hortense1-300x198.jpg 300w, https:\/\/kouskeol.fr\/wp-content\/uploads\/2016\/08\/Hortense1-768x507.jpg 768w, https:\/\/kouskeol.fr\/wp-content\/uploads\/2016\/08\/Hortense1-1024x676.jpg 1024w, https:\/\/kouskeol.fr\/wp-content\/uploads\/2016\/08\/Hortense1.jpg 1278w\" sizes=\"auto, (max-width: 300px) 100vw, 300px\" \/><\/a><\/p>\n<figure id=\"attachment_4083\" aria-describedby=\"caption-attachment-4083\" style=\"width: 300px\" class=\"wp-caption aligncenter\"><a href=\"http:\/\/kouskeol.fr\/wp-content\/uploads\/2016\/08\/Hortense3.jpg\" target=\"_blank\"><img loading=\"lazy\" decoding=\"async\" class=\"wp-image-4083 size-medium\" src=\"http:\/\/kouskeol.fr\/wp-content\/uploads\/2016\/08\/Hortense3-300x191.jpg\" alt=\"Hortense3\" width=\"300\" height=\"191\" srcset=\"https:\/\/kouskeol.fr\/wp-content\/uploads\/2016\/08\/Hortense3-300x191.jpg 300w, https:\/\/kouskeol.fr\/wp-content\/uploads\/2016\/08\/Hortense3-768x489.jpg 768w, https:\/\/kouskeol.fr\/wp-content\/uploads\/2016\/08\/Hortense3-1024x653.jpg 1024w, https:\/\/kouskeol.fr\/wp-content\/uploads\/2016\/08\/Hortense3.jpg 1246w\" sizes=\"auto, (max-width: 300px) 100vw, 300px\" \/><\/a><figcaption id=\"caption-attachment-4083\" class=\"wp-caption-text\">Foug\u00e8re arborescente.<\/figcaption><\/figure>\n<p>Nous passerons un long moment \u00e0 discuter avec le repr\u00e9sentant de la tribu gardant le site. Un certain nombre de sujets y passe\u00a0: relation entre Kanaks et Caldoches, faune et flore des \u00eeles, poids des traditions, clans de la mer et de la terre, etc. Une bonne le\u00e7on d\u2019histoire et de g\u00e9ographie pour les ignorants que nous sommes.<\/p>\n<p>Plus loin, \u00e0 c\u00f4t\u00e9 d\u2019un h\u00f4tel de luxe \u00e9videmment, un bassin surnomm\u00e9 aquarium naturel, atteint apr\u00e8s vingt minutes de marche le long d\u2019un cous d\u2019eau. Effectivement, l\u2019eau est d\u2019une limpidit\u00e9 parfaite et le cadre admirable.<\/p>\n<p><a href=\"http:\/\/kouskeol.fr\/wp-content\/uploads\/2016\/08\/Aquarium1.jpg\" target=\"_blank\"><img loading=\"lazy\" decoding=\"async\" class=\"aligncenter wp-image-4084 size-medium\" src=\"http:\/\/kouskeol.fr\/wp-content\/uploads\/2016\/08\/Aquarium1-300x199.jpg\" alt=\"Aquarium1\" width=\"300\" height=\"199\" srcset=\"https:\/\/kouskeol.fr\/wp-content\/uploads\/2016\/08\/Aquarium1-300x199.jpg 300w, https:\/\/kouskeol.fr\/wp-content\/uploads\/2016\/08\/Aquarium1-768x509.jpg 768w, https:\/\/kouskeol.fr\/wp-content\/uploads\/2016\/08\/Aquarium1-1024x678.jpg 1024w, https:\/\/kouskeol.fr\/wp-content\/uploads\/2016\/08\/Aquarium1.jpg 1280w\" sizes=\"auto, (max-width: 300px) 100vw, 300px\" \/><\/a><\/p>\n<p><a href=\"http:\/\/kouskeol.fr\/wp-content\/uploads\/2016\/08\/Aquarium2.jpg\" target=\"_blank\"><img loading=\"lazy\" decoding=\"async\" class=\"aligncenter wp-image-4085 size-medium\" src=\"http:\/\/kouskeol.fr\/wp-content\/uploads\/2016\/08\/Aquarium2-300x199.jpg\" alt=\"Aquarium2\" width=\"300\" height=\"199\" srcset=\"https:\/\/kouskeol.fr\/wp-content\/uploads\/2016\/08\/Aquarium2-300x199.jpg 300w, https:\/\/kouskeol.fr\/wp-content\/uploads\/2016\/08\/Aquarium2-768x509.jpg 768w, https:\/\/kouskeol.fr\/wp-content\/uploads\/2016\/08\/Aquarium2-1024x678.jpg 1024w, https:\/\/kouskeol.fr\/wp-content\/uploads\/2016\/08\/Aquarium2.jpg 1280w\" sizes=\"auto, (max-width: 300px) 100vw, 300px\" \/><\/a><\/p>\n<p><a href=\"http:\/\/kouskeol.fr\/wp-content\/uploads\/2016\/08\/Aquarium3.jpg\" target=\"_blank\"><img loading=\"lazy\" decoding=\"async\" class=\"aligncenter wp-image-4086 size-medium\" src=\"http:\/\/kouskeol.fr\/wp-content\/uploads\/2016\/08\/Aquarium3-300x198.jpg\" alt=\"Aquarium3\" width=\"300\" height=\"198\" srcset=\"https:\/\/kouskeol.fr\/wp-content\/uploads\/2016\/08\/Aquarium3-300x198.jpg 300w, https:\/\/kouskeol.fr\/wp-content\/uploads\/2016\/08\/Aquarium3-768x508.jpg 768w, https:\/\/kouskeol.fr\/wp-content\/uploads\/2016\/08\/Aquarium3-1024x677.jpg 1024w, https:\/\/kouskeol.fr\/wp-content\/uploads\/2016\/08\/Aquarium3.jpg 1276w\" sizes=\"auto, (max-width: 300px) 100vw, 300px\" \/><\/a><\/p>\n<p><a href=\"http:\/\/kouskeol.fr\/wp-content\/uploads\/2016\/08\/Aquarium4.jpg\" target=\"_blank\"><img loading=\"lazy\" decoding=\"async\" class=\"aligncenter wp-image-4087 size-medium\" src=\"http:\/\/kouskeol.fr\/wp-content\/uploads\/2016\/08\/Aquarium4-300x199.jpg\" alt=\"Aquarium4\" width=\"300\" height=\"199\" srcset=\"https:\/\/kouskeol.fr\/wp-content\/uploads\/2016\/08\/Aquarium4-300x199.jpg 300w, https:\/\/kouskeol.fr\/wp-content\/uploads\/2016\/08\/Aquarium4-768x509.jpg 768w, https:\/\/kouskeol.fr\/wp-content\/uploads\/2016\/08\/Aquarium4-1024x678.jpg 1024w, https:\/\/kouskeol.fr\/wp-content\/uploads\/2016\/08\/Aquarium4.jpg 1280w\" sizes=\"auto, (max-width: 300px) 100vw, 300px\" \/><\/a><\/p>\n<p>La prochaine \u00e9tape sera l\u2019\u00eele de Mar\u00e9 \u00e0 environ quatre-vingt-dix milles au nord, la premi\u00e8re des \u00eeles Loyaut\u00e9 o\u00f9 nous nous arr\u00eaterons.<\/p>\n<p>&nbsp;<\/p>\n<div id=\"sdfootnote1\">\n<p class=\"sdfootnote\">______________________________<a class=\"sdfootnotesym\" href=\"#sdfootnote1anc\" name=\"sdfootnote1sym\"><br \/>\n<em>1<\/em><\/a><em>&#8211;\u00a0C\u2019est celui qui dit qu\u2019on mouille pour un oui ou pour un non sur ce rafiot qui y est.<\/em><\/p>\n<\/div>\n","protected":false},"excerpt":{"rendered":"<p>La premi\u00e8re \u00e9tape apr\u00e8s Noum\u00e9a sera la baie de Prony, o\u00f9 les baleines viennent se reproduire. Rappelez-vous\u00a0: admirer ces monstres est sur la liste de Cathy et MarieJo. La baie est \u00e0 une trentaine de milles \u00e0 l\u2019est, pas loin de la passe Havannah que nous avions emprunt\u00e9 en arrivant du Vanuatu. Mais nous n\u2019arriverons &hellip; <a href=\"https:\/\/kouskeol.fr\/?p=4041\" class=\"more-link\">Continuer la lecture de <span class=\"screen-reader-text\">Baie de Prony et Ile des Pins \u2013 12-19 juillet 2016<\/span>  <span class=\"meta-nav\">&rarr;<\/span><\/a><\/p>\n","protected":false},"author":1,"featured_media":0,"comment_status":"open","ping_status":"open","sticky":false,"template":"","format":"standard","meta":{"ngg_post_thumbnail":0,"footnotes":""},"categories":[8,55],"tags":[],"class_list":["post-4041","post","type-post","status-publish","format-standard","hentry","category-voyage","category-pacifique"],"_links":{"self":[{"href":"https:\/\/kouskeol.fr\/index.php?rest_route=\/wp\/v2\/posts\/4041","targetHints":{"allow":["GET"]}}],"collection":[{"href":"https:\/\/kouskeol.fr\/index.php?rest_route=\/wp\/v2\/posts"}],"about":[{"href":"https:\/\/kouskeol.fr\/index.php?rest_route=\/wp\/v2\/types\/post"}],"author":[{"embeddable":true,"href":"https:\/\/kouskeol.fr\/index.php?rest_route=\/wp\/v2\/users\/1"}],"replies":[{"embeddable":true,"href":"https:\/\/kouskeol.fr\/index.php?rest_route=%2Fwp%2Fv2%2Fcomments&post=4041"}],"version-history":[{"count":8,"href":"https:\/\/kouskeol.fr\/index.php?rest_route=\/wp\/v2\/posts\/4041\/revisions"}],"predecessor-version":[{"id":4232,"href":"https:\/\/kouskeol.fr\/index.php?rest_route=\/wp\/v2\/posts\/4041\/revisions\/4232"}],"wp:attachment":[{"href":"https:\/\/kouskeol.fr\/index.php?rest_route=%2Fwp%2Fv2%2Fmedia&parent=4041"}],"wp:term":[{"taxonomy":"category","embeddable":true,"href":"https:\/\/kouskeol.fr\/index.php?rest_route=%2Fwp%2Fv2%2Fcategories&post=4041"},{"taxonomy":"post_tag","embeddable":true,"href":"https:\/\/kouskeol.fr\/index.php?rest_route=%2Fwp%2Fv2%2Ftags&post=4041"}],"curies":[{"name":"wp","href":"https:\/\/api.w.org\/{rel}","templated":true}]}}