{"id":4091,"date":"2016-08-06T07:05:12","date_gmt":"2016-08-06T06:05:12","guid":{"rendered":"http:\/\/kouskeol.fr\/?p=4091"},"modified":"2016-08-06T07:08:14","modified_gmt":"2016-08-06T06:08:14","slug":"iles-loyaute-mare-19-23-juillet-2016","status":"publish","type":"post","link":"https:\/\/kouskeol.fr\/?p=4091","title":{"rendered":"\u00celes Loyaut\u00e9\u00a0: Mar\u00e9 \u2013 19-23 juillet 2016"},"content":{"rendered":"<p>L\u2019Ile des Pins a \u00e9t\u00e9 une escale que nous n\u2019oublierons pas tout de suite. Mais nous ne jouons pas dans la m\u00eame cour qu\u2019Albert<a class=\"sdfootnoteanc\" href=\"#sdfootnote1sym\" name=\"sdfootnote1anc\"><sup>1<\/sup><\/a>\u00a0: pour nous, l\u2019\u00e9lasticit\u00e9 du temps est assez limit\u00e9e, et il faut bouger si nous voulons continuer \u00e0 en mettre plein les yeux \u00e0 MarieJo et Cathy avant leur retour vers la m\u00e9tropole.<\/p>\n<p>Mardi 19 juillet, nous levons l\u2019ancre en fin d\u2019apr\u00e8s-midi, pour nous diriger vers la passe N\u2019Dju au sud de l\u2019\u00eele. Mais caramba, la mar\u00e9e est montante et le courant de plus de deux n\u0153uds dans le nez. La d\u00e9cision est vite prise de ne pas se battre contre les flots\u00a0: nous contournerons l\u2019\u00eele par l\u2019ouest pour prendre la passe de la Sarcelle au nord, o\u00f9 nous devrions arriver \u00e0 la renverse. La nuit tombe vite, mais la lune est pleine et illumine la mer. \u00c0 peine la passe franchie que nous prenons les vagues par le travers\u00a0: la travers\u00e9e vers Mar\u00e9, la plus au sud des Iles Loyaut\u00e9, environ quatre-vingt milles, ne sera pas tr\u00e8s confortable pour dormir.<\/p>\n<p>Au matin, nous arrivons au foc dans la baie de P\u00e9d\u00e9<a class=\"sdfootnoteanc\" href=\"#sdfootnote2sym\" name=\"sdfootnote2anc\"><sup>2<\/sup><\/a>, au sud de la pointe Kotekot<a class=\"sdfootnoteanc\" href=\"#sdfootnote3sym\" name=\"sdfootnote3anc\"><sup>3<\/sup><\/a>, o\u00f9 nous mettons l\u2019ancre, seuls dans un tr\u00e8s joli mouillage. Le r\u00e9veil est un peu bruyant\u00a0: toux et raclage de gorge, le vent frais a laiss\u00e9 quelques traces.<\/p>\n<figure id=\"attachment_4118\" aria-describedby=\"caption-attachment-4118\" style=\"width: 300px\" class=\"wp-caption aligncenter\"><a href=\"http:\/\/kouskeol.fr\/wp-content\/uploads\/2016\/08\/MouillagePede2.jpg\" target=\"_blank\"><img loading=\"lazy\" decoding=\"async\" class=\"wp-image-4118 size-medium\" src=\"http:\/\/kouskeol.fr\/wp-content\/uploads\/2016\/08\/MouillagePede2-300x225.jpg\" alt=\"MouillagePede2\" width=\"300\" height=\"225\" srcset=\"https:\/\/kouskeol.fr\/wp-content\/uploads\/2016\/08\/MouillagePede2-300x225.jpg 300w, https:\/\/kouskeol.fr\/wp-content\/uploads\/2016\/08\/MouillagePede2-768x576.jpg 768w, https:\/\/kouskeol.fr\/wp-content\/uploads\/2016\/08\/MouillagePede2-1024x768.jpg 1024w, https:\/\/kouskeol.fr\/wp-content\/uploads\/2016\/08\/MouillagePede2.jpg 1278w\" sizes=\"auto, (max-width: 300px) 100vw, 300px\" \/><\/a><figcaption id=\"caption-attachment-4118\" class=\"wp-caption-text\">Mouillage de P\u00e9d\u00e9&#8230;<\/figcaption><\/figure>\n<p>Mais il en faut plus pour \u00f4ter l\u2019envie de nager avec les poissons dans les coraux\u00a0: les fonds sont superbes, et les poissons versicolores.<\/p>\n<p><a href=\"http:\/\/kouskeol.fr\/wp-content\/uploads\/2016\/08\/CCWG6184-1280x960.jpg\" target=\"_blank\"><img loading=\"lazy\" decoding=\"async\" class=\"aligncenter wp-image-4092 size-medium\" src=\"http:\/\/kouskeol.fr\/wp-content\/uploads\/2016\/08\/CCWG6184-1280x960-300x225.jpg\" alt=\"CCWG6184 (1280x960)\" width=\"300\" height=\"225\" srcset=\"https:\/\/kouskeol.fr\/wp-content\/uploads\/2016\/08\/CCWG6184-1280x960-300x225.jpg 300w, https:\/\/kouskeol.fr\/wp-content\/uploads\/2016\/08\/CCWG6184-1280x960-768x576.jpg 768w, https:\/\/kouskeol.fr\/wp-content\/uploads\/2016\/08\/CCWG6184-1280x960-1024x768.jpg 1024w, https:\/\/kouskeol.fr\/wp-content\/uploads\/2016\/08\/CCWG6184-1280x960.jpg 1280w\" sizes=\"auto, (max-width: 300px) 100vw, 300px\" \/><\/a><\/p>\n<p><a href=\"http:\/\/kouskeol.fr\/wp-content\/uploads\/2016\/08\/CCWG6180-1280x960.jpg\" target=\"_blank\"><img loading=\"lazy\" decoding=\"async\" class=\"aligncenter wp-image-4093 size-medium\" src=\"http:\/\/kouskeol.fr\/wp-content\/uploads\/2016\/08\/CCWG6180-1280x960-300x225.jpg\" alt=\"CCWG6180 (1280x960)\" width=\"300\" height=\"225\" srcset=\"https:\/\/kouskeol.fr\/wp-content\/uploads\/2016\/08\/CCWG6180-1280x960-300x225.jpg 300w, https:\/\/kouskeol.fr\/wp-content\/uploads\/2016\/08\/CCWG6180-1280x960-768x576.jpg 768w, https:\/\/kouskeol.fr\/wp-content\/uploads\/2016\/08\/CCWG6180-1280x960-1024x768.jpg 1024w, https:\/\/kouskeol.fr\/wp-content\/uploads\/2016\/08\/CCWG6180-1280x960.jpg 1280w\" sizes=\"auto, (max-width: 300px) 100vw, 300px\" \/><\/a><\/p>\n<p><a href=\"http:\/\/kouskeol.fr\/wp-content\/uploads\/2016\/08\/CCWG6188-2-1280x1013.jpg\" target=\"_blank\"><img loading=\"lazy\" decoding=\"async\" class=\"aligncenter wp-image-4094 size-medium\" src=\"http:\/\/kouskeol.fr\/wp-content\/uploads\/2016\/08\/CCWG6188-2-1280x1013-300x235.jpg\" alt=\"CCWG6188 (2) (1280x1013)\" width=\"300\" height=\"235\" srcset=\"https:\/\/kouskeol.fr\/wp-content\/uploads\/2016\/08\/CCWG6188-2-1280x1013-300x235.jpg 300w, https:\/\/kouskeol.fr\/wp-content\/uploads\/2016\/08\/CCWG6188-2-1280x1013-768x601.jpg 768w, https:\/\/kouskeol.fr\/wp-content\/uploads\/2016\/08\/CCWG6188-2-1280x1013-1024x802.jpg 1024w, https:\/\/kouskeol.fr\/wp-content\/uploads\/2016\/08\/CCWG6188-2-1280x1013.jpg 1258w\" sizes=\"auto, (max-width: 300px) 100vw, 300px\" \/><\/a><\/p>\n<p><a href=\"http:\/\/kouskeol.fr\/wp-content\/uploads\/2016\/08\/Tuba1.jpg\" target=\"_blank\"><img loading=\"lazy\" decoding=\"async\" class=\"aligncenter wp-image-4102 size-medium\" src=\"http:\/\/kouskeol.fr\/wp-content\/uploads\/2016\/08\/Tuba1-300x225.jpg\" alt=\"Tuba1\" width=\"300\" height=\"225\" srcset=\"https:\/\/kouskeol.fr\/wp-content\/uploads\/2016\/08\/Tuba1-300x225.jpg 300w, https:\/\/kouskeol.fr\/wp-content\/uploads\/2016\/08\/Tuba1-768x576.jpg 768w, https:\/\/kouskeol.fr\/wp-content\/uploads\/2016\/08\/Tuba1-1024x768.jpg 1024w, https:\/\/kouskeol.fr\/wp-content\/uploads\/2016\/08\/Tuba1.jpg 1280w\" sizes=\"auto, (max-width: 300px) 100vw, 300px\" \/><\/a><\/p>\n<p><a href=\"http:\/\/kouskeol.fr\/wp-content\/uploads\/2016\/08\/CCWG6176-2-1280x988.jpg\" target=\"_blank\"><img loading=\"lazy\" decoding=\"async\" class=\"aligncenter wp-image-4096 size-medium\" src=\"http:\/\/kouskeol.fr\/wp-content\/uploads\/2016\/08\/CCWG6176-2-1280x988-300x231.jpg\" alt=\"CCWG6176 (2) (1280x988)\" width=\"300\" height=\"231\" srcset=\"https:\/\/kouskeol.fr\/wp-content\/uploads\/2016\/08\/CCWG6176-2-1280x988-300x231.jpg 300w, https:\/\/kouskeol.fr\/wp-content\/uploads\/2016\/08\/CCWG6176-2-1280x988-768x593.jpg 768w, https:\/\/kouskeol.fr\/wp-content\/uploads\/2016\/08\/CCWG6176-2-1280x988-1024x790.jpg 1024w, https:\/\/kouskeol.fr\/wp-content\/uploads\/2016\/08\/CCWG6176-2-1280x988.jpg 1278w\" sizes=\"auto, (max-width: 300px) 100vw, 300px\" \/><\/a><\/p>\n<p><a href=\"http:\/\/kouskeol.fr\/wp-content\/uploads\/2016\/08\/CCWG6196-2-1280x961.jpg\" target=\"_blank\"><img loading=\"lazy\" decoding=\"async\" class=\"aligncenter wp-image-4095 size-medium\" src=\"http:\/\/kouskeol.fr\/wp-content\/uploads\/2016\/08\/CCWG6196-2-1280x961-300x225.jpg\" alt=\"CCWG6196 (2) (1280x961)\" width=\"300\" height=\"225\" srcset=\"https:\/\/kouskeol.fr\/wp-content\/uploads\/2016\/08\/CCWG6196-2-1280x961-300x225.jpg 300w, https:\/\/kouskeol.fr\/wp-content\/uploads\/2016\/08\/CCWG6196-2-1280x961-768x577.jpg 768w, https:\/\/kouskeol.fr\/wp-content\/uploads\/2016\/08\/CCWG6196-2-1280x961-1024x769.jpg 1024w, https:\/\/kouskeol.fr\/wp-content\/uploads\/2016\/08\/CCWG6196-2-1280x961.jpg 1280w\" sizes=\"auto, (max-width: 300px) 100vw, 300px\" \/><\/a><\/p>\n<p>Notre guide indique un aquarium naturel \u00e0 trois kilom\u00e8tres. Et hop\u00a0! C\u2019est un effondrement dans le socle de corail fossile, qui communique avec la mer par des canaux souterrains\u00a0: l\u2019eau est hyaline<a class=\"sdfootnoteanc\" href=\"#sdfootnote4sym\" name=\"sdfootnote4anc\"><sup>4<\/sup><\/a> et les poissons peu farouches.<\/p>\n<p><a href=\"http:\/\/kouskeol.fr\/wp-content\/uploads\/2016\/08\/Aquarium1-1.jpg\" target=\"_blank\"><img loading=\"lazy\" decoding=\"async\" class=\"aligncenter wp-image-4097 size-medium\" src=\"http:\/\/kouskeol.fr\/wp-content\/uploads\/2016\/08\/Aquarium1-1-300x225.jpg\" alt=\"Aquarium1\" width=\"300\" height=\"225\" srcset=\"https:\/\/kouskeol.fr\/wp-content\/uploads\/2016\/08\/Aquarium1-1-300x225.jpg 300w, https:\/\/kouskeol.fr\/wp-content\/uploads\/2016\/08\/Aquarium1-1-768x576.jpg 768w, https:\/\/kouskeol.fr\/wp-content\/uploads\/2016\/08\/Aquarium1-1-1024x768.jpg 1024w, https:\/\/kouskeol.fr\/wp-content\/uploads\/2016\/08\/Aquarium1-1.jpg 1280w\" sizes=\"auto, (max-width: 300px) 100vw, 300px\" \/><\/a><\/p>\n<p><a href=\"http:\/\/kouskeol.fr\/wp-content\/uploads\/2016\/08\/Aquarium2-1.jpg\" target=\"_blank\"><img loading=\"lazy\" decoding=\"async\" class=\"aligncenter wp-image-4098 size-medium\" src=\"http:\/\/kouskeol.fr\/wp-content\/uploads\/2016\/08\/Aquarium2-1-300x225.jpg\" alt=\"Aquarium2\" width=\"300\" height=\"225\" srcset=\"https:\/\/kouskeol.fr\/wp-content\/uploads\/2016\/08\/Aquarium2-1-300x225.jpg 300w, https:\/\/kouskeol.fr\/wp-content\/uploads\/2016\/08\/Aquarium2-1-768x576.jpg 768w, https:\/\/kouskeol.fr\/wp-content\/uploads\/2016\/08\/Aquarium2-1-1024x768.jpg 1024w, https:\/\/kouskeol.fr\/wp-content\/uploads\/2016\/08\/Aquarium2-1.jpg 1280w\" sizes=\"auto, (max-width: 300px) 100vw, 300px\" \/><\/a><\/p>\n<p><a href=\"http:\/\/kouskeol.fr\/wp-content\/uploads\/2016\/08\/AquariumPoissons-1280x960.jpg\" target=\"_blank\"><img loading=\"lazy\" decoding=\"async\" class=\"aligncenter wp-image-4111 size-medium\" src=\"http:\/\/kouskeol.fr\/wp-content\/uploads\/2016\/08\/AquariumPoissons-1280x960-300x225.jpg\" alt=\"AquariumPoissons (1280x960)\" width=\"300\" height=\"225\" srcset=\"https:\/\/kouskeol.fr\/wp-content\/uploads\/2016\/08\/AquariumPoissons-1280x960-300x225.jpg 300w, https:\/\/kouskeol.fr\/wp-content\/uploads\/2016\/08\/AquariumPoissons-1280x960-768x576.jpg 768w, https:\/\/kouskeol.fr\/wp-content\/uploads\/2016\/08\/AquariumPoissons-1280x960-1024x768.jpg 1024w, https:\/\/kouskeol.fr\/wp-content\/uploads\/2016\/08\/AquariumPoissons-1280x960.jpg 1280w\" sizes=\"auto, (max-width: 300px) 100vw, 300px\" \/><\/a><\/p>\n<p>Un peu plus loin sur la c\u00f4te se trouve la tombe de Yeweine Yeweine, compagnon de route de Jean-Marie Tjibaou et assassin\u00e9 avec lui par un extr\u00e9miste qui trouvait qu\u2019ils n\u2019allaient pas assez loin dans l\u2019action pour l\u2019ind\u00e9pendance.<\/p>\n<p><a href=\"http:\/\/kouskeol.fr\/wp-content\/uploads\/2016\/08\/TombeYeiwene1.jpg\" target=\"_blank\"><img loading=\"lazy\" decoding=\"async\" class=\"aligncenter wp-image-4099 size-medium\" src=\"http:\/\/kouskeol.fr\/wp-content\/uploads\/2016\/08\/TombeYeiwene1-300x225.jpg\" alt=\"TombeYeiwene1\" width=\"300\" height=\"225\" srcset=\"https:\/\/kouskeol.fr\/wp-content\/uploads\/2016\/08\/TombeYeiwene1-300x225.jpg 300w, https:\/\/kouskeol.fr\/wp-content\/uploads\/2016\/08\/TombeYeiwene1-768x576.jpg 768w, https:\/\/kouskeol.fr\/wp-content\/uploads\/2016\/08\/TombeYeiwene1-1024x768.jpg 1024w, https:\/\/kouskeol.fr\/wp-content\/uploads\/2016\/08\/TombeYeiwene1.jpg 1280w\" sizes=\"auto, (max-width: 300px) 100vw, 300px\" \/><\/a> <a href=\"http:\/\/kouskeol.fr\/wp-content\/uploads\/2016\/08\/TombeYeiwene2.jpg\" target=\"_blank\"><img loading=\"lazy\" decoding=\"async\" class=\"aligncenter wp-image-4100 size-medium\" src=\"http:\/\/kouskeol.fr\/wp-content\/uploads\/2016\/08\/TombeYeiwene2-300x225.jpg\" alt=\"TombeYeiwene2\" width=\"300\" height=\"225\" srcset=\"https:\/\/kouskeol.fr\/wp-content\/uploads\/2016\/08\/TombeYeiwene2-300x225.jpg 300w, https:\/\/kouskeol.fr\/wp-content\/uploads\/2016\/08\/TombeYeiwene2-768x576.jpg 768w, https:\/\/kouskeol.fr\/wp-content\/uploads\/2016\/08\/TombeYeiwene2-1024x768.jpg 1024w, https:\/\/kouskeol.fr\/wp-content\/uploads\/2016\/08\/TombeYeiwene2.jpg 1280w\" sizes=\"auto, (max-width: 300px) 100vw, 300px\" \/><\/a><\/p>\n<p>Tout \u00e7a nous a un peu \u00e9loign\u00e9 du mouillage, et le soleil tape bien\u2026 Pour rentrer, nous nous essayons \u00e0 faire le pouce, selon l\u2019expression locale\u00a0: \u00e7a marche\u00a0! Une petite voiture s\u2019arr\u00eate et nous entasse pour nous ramener \u00e0 notre point de d\u00e9part\u00a0: les kanaks ont d\u00e9cid\u00e9ment le sens de l\u2019hospitalit\u00e9\u00a0!<\/p>\n<p>L\u2019avitaillement en frais ayant fait long feu, il est temps de s\u2019approcher d\u2019un march\u00e9 ou d\u2019une \u00e9picerie. Quoi de mieux que la capitale de l\u2019\u00eele, Tadine, \u00e0 seulement cinq ou six milles\u00a0? Chtit coup de g\u00e9nois et nous filons \u00e0 presque six n\u0153uds vers le petit port o\u00f9 nous nous retrouvons seuls \u00e0 nouveau. Et pour une capitale, c\u2019est une capitale\u00a0: la mairie, un march\u00e9 (ouvert deux jours par semaine), un snack (dont on n\u2019a pas bien compris les horaires d\u2019ouverture), une gendarmerie, une banque, une poste et LE supermarch\u00e9 de l\u2019\u00eele, je veux \u00e9videmment parler du magasin \u00ab\u00a0Trop Tard\u00a0\u00bb. Un nom pareil, \u00e7a ne s\u2019invente pas\u2026<\/p>\n<figure id=\"attachment_4101\" aria-describedby=\"caption-attachment-4101\" style=\"width: 300px\" class=\"wp-caption aligncenter\"><a href=\"http:\/\/kouskeol.fr\/wp-content\/uploads\/2016\/08\/TropTard.jpg\" target=\"_blank\"><img loading=\"lazy\" decoding=\"async\" class=\"wp-image-4101 size-medium\" src=\"http:\/\/kouskeol.fr\/wp-content\/uploads\/2016\/08\/TropTard-300x223.jpg\" alt=\"TropTard\" width=\"300\" height=\"223\" srcset=\"https:\/\/kouskeol.fr\/wp-content\/uploads\/2016\/08\/TropTard-300x223.jpg 300w, https:\/\/kouskeol.fr\/wp-content\/uploads\/2016\/08\/TropTard-768x570.jpg 768w, https:\/\/kouskeol.fr\/wp-content\/uploads\/2016\/08\/TropTard-1024x759.jpg 1024w, https:\/\/kouskeol.fr\/wp-content\/uploads\/2016\/08\/TropTard.jpg 1262w\" sizes=\"auto, (max-width: 300px) 100vw, 300px\" \/><\/a><figcaption id=\"caption-attachment-4101\" class=\"wp-caption-text\">\u00ab\u00a0Le\u00a0\u00bb supermarch\u00e9&#8230;<\/figcaption><\/figure>\n<figure id=\"attachment_4103\" aria-describedby=\"caption-attachment-4103\" style=\"width: 300px\" class=\"wp-caption aligncenter\"><a href=\"http:\/\/kouskeol.fr\/wp-content\/uploads\/2016\/08\/Drapeau.jpg\" target=\"_blank\"><img loading=\"lazy\" decoding=\"async\" class=\"wp-image-4103 size-medium\" src=\"http:\/\/kouskeol.fr\/wp-content\/uploads\/2016\/08\/Drapeau-300x224.jpg\" alt=\"Drapeau\" width=\"300\" height=\"224\" srcset=\"https:\/\/kouskeol.fr\/wp-content\/uploads\/2016\/08\/Drapeau-300x224.jpg 300w, https:\/\/kouskeol.fr\/wp-content\/uploads\/2016\/08\/Drapeau-768x574.jpg 768w, https:\/\/kouskeol.fr\/wp-content\/uploads\/2016\/08\/Drapeau-1024x765.jpg 1024w, https:\/\/kouskeol.fr\/wp-content\/uploads\/2016\/08\/Drapeau.jpg 1274w\" sizes=\"auto, (max-width: 300px) 100vw, 300px\" \/><\/a><figcaption id=\"caption-attachment-4103\" class=\"wp-caption-text\">M\u00eame les cabas sont aux couleurs du drapeau ind\u00e9pendantiste.<\/figcaption><\/figure>\n<p>Le drapeau r\u00e9gional agr\u00e9\u00e9 tardant \u00e0 sortir, les Kanaks, plus rapides, ont propos\u00e9 le leur, pas trop appr\u00e9ci\u00e9 des Caldoches.<\/p>\n<p>Depuis que nous sommes sur les \u00eeles autour de la Grande Terre, nous avons du mal \u00e0 reconna\u00eetre les propos parfois n\u00e9gatifs concernant les Kanaks. Nous n\u2019avons rencontr\u00e9 pour l\u2019instant que des gens tr\u00e8s accueillants et affables, pr\u00eats \u00e0 rendre service ou \u00e0 donner des renseignements. Il est vrai que sur ces \u00eeles, l\u2019absence de Caldoches et de probl\u00e8me de r\u00e9-attribution de terres \u00e9limine certainement une cause de tension.<\/p>\n<p><a href=\"http:\/\/kouskeol.fr\/wp-content\/uploads\/2016\/08\/CCWG6161-1280x960.jpg\" target=\"_blank\"><img loading=\"lazy\" decoding=\"async\" class=\"aligncenter wp-image-4112 size-medium\" src=\"http:\/\/kouskeol.fr\/wp-content\/uploads\/2016\/08\/CCWG6161-1280x960-300x223.jpg\" alt=\"CCWG6161 (1280x960)\" width=\"300\" height=\"223\" srcset=\"https:\/\/kouskeol.fr\/wp-content\/uploads\/2016\/08\/CCWG6161-1280x960-300x223.jpg 300w, https:\/\/kouskeol.fr\/wp-content\/uploads\/2016\/08\/CCWG6161-1280x960-768x572.jpg 768w, https:\/\/kouskeol.fr\/wp-content\/uploads\/2016\/08\/CCWG6161-1280x960-1024x762.jpg 1024w, https:\/\/kouskeol.fr\/wp-content\/uploads\/2016\/08\/CCWG6161-1280x960.jpg 1268w\" sizes=\"auto, (max-width: 300px) 100vw, 300px\" \/><\/a> <a href=\"http:\/\/kouskeol.fr\/wp-content\/uploads\/2016\/08\/CCWG6163-1280x960.jpg\" target=\"_blank\"><img loading=\"lazy\" decoding=\"async\" class=\"aligncenter wp-image-4113 size-medium\" src=\"http:\/\/kouskeol.fr\/wp-content\/uploads\/2016\/08\/CCWG6163-1280x960-300x225.jpg\" alt=\"CCWG6163 (1280x960)\" width=\"300\" height=\"225\" srcset=\"https:\/\/kouskeol.fr\/wp-content\/uploads\/2016\/08\/CCWG6163-1280x960-300x225.jpg 300w, https:\/\/kouskeol.fr\/wp-content\/uploads\/2016\/08\/CCWG6163-1280x960-768x576.jpg 768w, https:\/\/kouskeol.fr\/wp-content\/uploads\/2016\/08\/CCWG6163-1280x960-1024x768.jpg 1024w, https:\/\/kouskeol.fr\/wp-content\/uploads\/2016\/08\/CCWG6163-1280x960.jpg 1278w\" sizes=\"auto, (max-width: 300px) 100vw, 300px\" \/><\/a><\/p>\n<p>Vendredi est un jour anim\u00e9\u00a0: deux mariages \u00e0 la mairie, et il y a march\u00e9 o\u00f9 nous faisons quelques provisions, avant de partir avec la voiture que nous r\u00e9ussissons \u00e0 louer par l\u2019interm\u00e9diaire d\u2019une employ\u00e9e de la mairie. Nous nous dirigeons vers le nord, et le village de Ro. Surprise\u00a0: il y a un mariage dans le temple protestant. Et re-surprise, c\u2019est un des deux couples vus \u00e0 la mairie de Tadine, rentr\u00e9 dans sa tribu pour la c\u00e9r\u00e9monie religieuse. Dehors, tout le monde s\u2019affaire pour pr\u00e9parer la f\u00eate. Hospitalit\u00e9 kanake\u00a0: bien vite, nous sommes invit\u00e9s \u00e0 participer\u2026<\/p>\n<p><a href=\"http:\/\/kouskeol.fr\/wp-content\/uploads\/2016\/08\/Mariage1.jpg\" target=\"_blank\"><img loading=\"lazy\" decoding=\"async\" class=\"aligncenter wp-image-4104 size-medium\" src=\"http:\/\/kouskeol.fr\/wp-content\/uploads\/2016\/08\/Mariage1-300x225.jpg\" alt=\"Mariage1\" width=\"300\" height=\"225\" srcset=\"https:\/\/kouskeol.fr\/wp-content\/uploads\/2016\/08\/Mariage1-300x225.jpg 300w, https:\/\/kouskeol.fr\/wp-content\/uploads\/2016\/08\/Mariage1-768x576.jpg 768w, https:\/\/kouskeol.fr\/wp-content\/uploads\/2016\/08\/Mariage1-1024x768.jpg 1024w, https:\/\/kouskeol.fr\/wp-content\/uploads\/2016\/08\/Mariage1.jpg 1280w\" sizes=\"auto, (max-width: 300px) 100vw, 300px\" \/><\/a><\/p>\n<figure id=\"attachment_4106\" aria-describedby=\"caption-attachment-4106\" style=\"width: 300px\" class=\"wp-caption aligncenter\"><a href=\"http:\/\/kouskeol.fr\/wp-content\/uploads\/2016\/08\/Mariage3.jpg\" target=\"_blank\"><img loading=\"lazy\" decoding=\"async\" class=\"wp-image-4106 size-medium\" src=\"http:\/\/kouskeol.fr\/wp-content\/uploads\/2016\/08\/Mariage3-300x223.jpg\" alt=\"Mariage3\" width=\"300\" height=\"223\" srcset=\"https:\/\/kouskeol.fr\/wp-content\/uploads\/2016\/08\/Mariage3-300x223.jpg 300w, https:\/\/kouskeol.fr\/wp-content\/uploads\/2016\/08\/Mariage3-768x570.jpg 768w, https:\/\/kouskeol.fr\/wp-content\/uploads\/2016\/08\/Mariage3-1024x759.jpg 1024w, https:\/\/kouskeol.fr\/wp-content\/uploads\/2016\/08\/Mariage3.jpg 1262w\" sizes=\"auto, (max-width: 300px) 100vw, 300px\" \/><\/a><figcaption id=\"caption-attachment-4106\" class=\"wp-caption-text\">La mari\u00e9e.<\/figcaption><\/figure>\n<figure id=\"attachment_4105\" aria-describedby=\"caption-attachment-4105\" style=\"width: 300px\" class=\"wp-caption aligncenter\"><a href=\"http:\/\/kouskeol.fr\/wp-content\/uploads\/2016\/08\/Mariage2.jpg\" target=\"_blank\"><img loading=\"lazy\" decoding=\"async\" class=\"wp-image-4105 size-medium\" src=\"http:\/\/kouskeol.fr\/wp-content\/uploads\/2016\/08\/Mariage2-300x223.jpg\" alt=\"Mariage2\" width=\"300\" height=\"223\" srcset=\"https:\/\/kouskeol.fr\/wp-content\/uploads\/2016\/08\/Mariage2-300x223.jpg 300w, https:\/\/kouskeol.fr\/wp-content\/uploads\/2016\/08\/Mariage2-768x570.jpg 768w, https:\/\/kouskeol.fr\/wp-content\/uploads\/2016\/08\/Mariage2-1024x759.jpg 1024w, https:\/\/kouskeol.fr\/wp-content\/uploads\/2016\/08\/Mariage2.jpg 1262w\" sizes=\"auto, (max-width: 300px) 100vw, 300px\" \/><\/a><figcaption id=\"caption-attachment-4105\" class=\"wp-caption-text\">Les offrandes: cochon et igname cuits de fa\u00e7on traditionnelle..<\/figcaption><\/figure>\n<figure id=\"attachment_4107\" aria-describedby=\"caption-attachment-4107\" style=\"width: 300px\" class=\"wp-caption aligncenter\"><a href=\"http:\/\/kouskeol.fr\/wp-content\/uploads\/2016\/08\/Mariage4.jpg\" target=\"_blank\"><img loading=\"lazy\" decoding=\"async\" class=\"wp-image-4107 size-medium\" src=\"http:\/\/kouskeol.fr\/wp-content\/uploads\/2016\/08\/Mariage4-300x225.jpg\" alt=\"Mariage4\" width=\"300\" height=\"225\" srcset=\"https:\/\/kouskeol.fr\/wp-content\/uploads\/2016\/08\/Mariage4-300x225.jpg 300w, https:\/\/kouskeol.fr\/wp-content\/uploads\/2016\/08\/Mariage4-768x576.jpg 768w, https:\/\/kouskeol.fr\/wp-content\/uploads\/2016\/08\/Mariage4-1024x768.jpg 1024w, https:\/\/kouskeol.fr\/wp-content\/uploads\/2016\/08\/Mariage4.jpg 1280w\" sizes=\"auto, (max-width: 300px) 100vw, 300px\" \/><\/a><figcaption id=\"caption-attachment-4107\" class=\"wp-caption-text\">Invit\u00e9es de derni\u00e8re minute, d&rsquo;une tribu lointaine.<\/figcaption><\/figure>\n<p>Sylvio, un Kanak de la famille qui a fait ses \u00e9tudes \u00e0 Grenoble s\u2019occupe de nous, s\u2019assure que nous avons assez de porc cuit dans la feuille de bananier, de manioc, l\u00e9gume traditionnel pour les grandes occasions, de vin\u2026 La discussion va bon train sur des sujets vari\u00e9s\u00a0: le poids des coutumes kanakes, les relations avec les Caldoches, les diff\u00e9rences entre les \u00eeles (o\u00f9 il n\u2019y a pas de Caldoches) et la grande terre, le r\u00e9f\u00e9rendum sur l\u2019ind\u00e9pendance,\u2026 Un bon nombre de sujets y passe.<\/p>\n<p>Du coup, au lieu des quinze minutes pr\u00e9vues, nous passerons plus de deux heures sans nous ennuyer. Mais du coup aussi, nous finissons notre tour en voiture un peu rapidement\u00a0: la nuit tombe \u00e0 17h30 ici.<\/p>\n<figure id=\"attachment_4114\" aria-describedby=\"caption-attachment-4114\" style=\"width: 222px\" class=\"wp-caption aligncenter\"><a href=\"http:\/\/kouskeol.fr\/wp-content\/uploads\/2016\/08\/CentreYeiwene1.jpg\" target=\"_blank\"><img loading=\"lazy\" decoding=\"async\" class=\"wp-image-4114 size-medium\" src=\"http:\/\/kouskeol.fr\/wp-content\/uploads\/2016\/08\/CentreYeiwene1-222x300.jpg\" alt=\"CentreYeiwene1\" width=\"222\" height=\"300\" srcset=\"https:\/\/kouskeol.fr\/wp-content\/uploads\/2016\/08\/CentreYeiwene1-222x300.jpg 222w, https:\/\/kouskeol.fr\/wp-content\/uploads\/2016\/08\/CentreYeiwene1-768x1038.jpg 768w, https:\/\/kouskeol.fr\/wp-content\/uploads\/2016\/08\/CentreYeiwene1-758x1024.jpg 758w, https:\/\/kouskeol.fr\/wp-content\/uploads\/2016\/08\/CentreYeiwene1.jpg 934w\" sizes=\"auto, (max-width: 222px) 100vw, 222px\" \/><\/a><figcaption id=\"caption-attachment-4114\" class=\"wp-caption-text\">Yeweine Yeweine et le centre qui lui est d\u00e9di\u00e9.<\/figcaption><\/figure>\n<p><a href=\"http:\/\/kouskeol.fr\/wp-content\/uploads\/2016\/08\/CentreYeiwene2.jpg\" target=\"_blank\"><img loading=\"lazy\" decoding=\"async\" class=\"aligncenter wp-image-4115 size-medium\" src=\"http:\/\/kouskeol.fr\/wp-content\/uploads\/2016\/08\/CentreYeiwene2-220x300.jpg\" alt=\"CentreYeiwene2\" width=\"220\" height=\"300\" srcset=\"https:\/\/kouskeol.fr\/wp-content\/uploads\/2016\/08\/CentreYeiwene2-220x300.jpg 220w, https:\/\/kouskeol.fr\/wp-content\/uploads\/2016\/08\/CentreYeiwene2-768x1046.jpg 768w, https:\/\/kouskeol.fr\/wp-content\/uploads\/2016\/08\/CentreYeiwene2-752x1024.jpg 752w, https:\/\/kouskeol.fr\/wp-content\/uploads\/2016\/08\/CentreYeiwene2.jpg 918w\" sizes=\"auto, (max-width: 220px) 100vw, 220px\" \/><\/a><\/p>\n<p>Sur le chemin du retour, nous prenons en stop un vieil homme qui lui aussi fait le pouce\u00a0: c\u2019est le chef coutumier de la tribu que nous traversons, qui attend depuis quelques plombes et des poussi\u00e8res la venue d\u2019une navette improbable. La conversation s\u2019engage\u00a0: il a une formation d\u2019architecte, a besoin de faire quelques courses au magasin de la tribu d\u2019\u00e0 c\u00f4t\u00e9, et nous invite chez lui\u2026<\/p>\n<figure id=\"attachment_4109\" aria-describedby=\"caption-attachment-4109\" style=\"width: 300px\" class=\"wp-caption aligncenter\"><a href=\"http:\/\/kouskeol.fr\/wp-content\/uploads\/2016\/08\/CCWG6132-1280x960.jpg\" target=\"_blank\"><img loading=\"lazy\" decoding=\"async\" class=\"wp-image-4109 size-medium\" src=\"http:\/\/kouskeol.fr\/wp-content\/uploads\/2016\/08\/CCWG6132-1280x960-300x223.jpg\" alt=\"CCWG6132 (1280x960)\" width=\"300\" height=\"223\" srcset=\"https:\/\/kouskeol.fr\/wp-content\/uploads\/2016\/08\/CCWG6132-1280x960-300x223.jpg 300w, https:\/\/kouskeol.fr\/wp-content\/uploads\/2016\/08\/CCWG6132-1280x960-768x570.jpg 768w, https:\/\/kouskeol.fr\/wp-content\/uploads\/2016\/08\/CCWG6132-1280x960-1024x760.jpg 1024w, https:\/\/kouskeol.fr\/wp-content\/uploads\/2016\/08\/CCWG6132-1280x960.jpg 1264w\" sizes=\"auto, (max-width: 300px) 100vw, 300px\" \/><\/a><figcaption id=\"caption-attachment-4109\" class=\"wp-caption-text\">Case\u00a0coutumi\u00e8re.<\/figcaption><\/figure>\n<p>Le lendemain, nous voulons retourner vers le sud\u00a0: notre exp\u00e9rience de la lev\u00e9e de pouce nous rend optimistes. Sauf que l\u2019on est samedi, et qu\u2019il n\u2019y a pas beaucoup de passage\u2026 Mais au bout de quelque temps, une Peugeot 308 avec d\u00e9j\u00e0 deux personnes s\u2019arr\u00eate\u00a0: pas de probl\u00e8me pour nous emmener, \u00e0 quatre sur la banquette arri\u00e8re. Le chauffeur et son passager reviennent d\u2019un match de foot contre une \u00e9quipe de la Grande Terre, et l\u00a0&lsquo;\u00e9quipe locale a gagn\u00e9\u00a0: heureusement qu\u2019il n\u2019y a pas trop de contr\u00f4le d\u2019alcool\u00e9mie le long de la route\u00a0! Sympas, ils nous d\u00e9posent sur la plage admirable de Cengeite\u00a0: longue bande de sable fin devant une mer translucide, et personne\u2026<\/p>\n<p><a href=\"http:\/\/kouskeol.fr\/wp-content\/uploads\/2016\/08\/CCWG6164-1280x960.jpg\" target=\"_blank\"><img loading=\"lazy\" decoding=\"async\" class=\"aligncenter wp-image-4116 size-medium\" src=\"http:\/\/kouskeol.fr\/wp-content\/uploads\/2016\/08\/CCWG6164-1280x960-300x224.jpg\" alt=\"CCWG6164 (1280x960)\" width=\"300\" height=\"224\" srcset=\"https:\/\/kouskeol.fr\/wp-content\/uploads\/2016\/08\/CCWG6164-1280x960-300x224.jpg 300w, https:\/\/kouskeol.fr\/wp-content\/uploads\/2016\/08\/CCWG6164-1280x960-768x574.jpg 768w, https:\/\/kouskeol.fr\/wp-content\/uploads\/2016\/08\/CCWG6164-1280x960-1024x766.jpg 1024w, https:\/\/kouskeol.fr\/wp-content\/uploads\/2016\/08\/CCWG6164-1280x960.jpg 1276w\" sizes=\"auto, (max-width: 300px) 100vw, 300px\" \/><\/a><\/p>\n<p>Mais ce n\u2019est pas tout de s\u2019en mettre plein les yeux\u00a0: il faut bien rentrer. Cette fois, nous ne sommes pas s\u00fbrs d\u2019avoir autant de chance qu\u2019\u00e0 l\u2019aller\u00a0: le premier v\u00e9hicule ne ralentit m\u00eame pas, et le deuxi\u00e8me nous dit qu\u2019il s\u2019arr\u00eate dans moins d\u2019un kilom\u00e8tre. Mais surprise, le troisi\u00e8me est la 308 de nos copains qui rentrent chez eux dans le nord, un peu moins alcoolis\u00e9s et contents de nous ramener \u00e0 notre bateau.<\/p>\n<p>En arrivant \u00e0 Tadine, nous rep\u00e9rons une esp\u00e8ce de petit march\u00e9 local\u00a0: le march\u00e9 est termin\u00e9, mais des brochettes sont en train de cuire sur un feu de bois. Pas d\u2019h\u00e9sitation, ce sera notre go\u00fbter\u00a0; pas pire avant de retourner \u00e0 bord.<\/p>\n<p>A c\u00f4t\u00e9, sport national pour les femmes, une partie de bingo est en cours\u00a0: \u00e7a ne rigole pas\u00a0! Ici on joue pour de l\u2019argent\u2026<\/p>\n<p><a href=\"http:\/\/kouskeol.fr\/wp-content\/uploads\/2016\/08\/Bingo.jpg\" target=\"_blank\"><img loading=\"lazy\" decoding=\"async\" class=\"aligncenter wp-image-4108 size-medium\" src=\"http:\/\/kouskeol.fr\/wp-content\/uploads\/2016\/08\/Bingo-300x225.jpg\" alt=\"Bingo\" width=\"300\" height=\"225\" srcset=\"https:\/\/kouskeol.fr\/wp-content\/uploads\/2016\/08\/Bingo-300x225.jpg 300w, https:\/\/kouskeol.fr\/wp-content\/uploads\/2016\/08\/Bingo-768x576.jpg 768w, https:\/\/kouskeol.fr\/wp-content\/uploads\/2016\/08\/Bingo-1024x768.jpg 1024w, https:\/\/kouskeol.fr\/wp-content\/uploads\/2016\/08\/Bingo.jpg 1280w\" sizes=\"auto, (max-width: 300px) 100vw, 300px\" \/><\/a><\/p>\n<p>Et l\u00e0, ce sont les tortues qui tournent autour de Kousk Eol pour notre dernier soir \u00e0 Mar\u00e9\u00a0: nous partons vers Lifou demain \u00e0 quatre heures, de nouveau pour essayer d\u2019arriver de jour.<\/p>\n<p>&nbsp;<\/p>\n<div id=\"sdfootnote1\">\n<p class=\"sdfootnote\">____________________<a class=\"sdfootnotesym\" href=\"#sdfootnote1anc\" name=\"sdfootnote1sym\"><br \/>\n<em>1<\/em><\/a><em>&#8211;\u00a0Vous savez bien, celui qui a dit qu\u2019on pouvait allonger ou raccourcir le temps en allant plus ou moins vite.<\/em><\/p>\n<\/div>\n<div id=\"sdfootnote2\">\n<p class=\"sdfootnote\"><em><a class=\"sdfootnotesym\" href=\"#sdfootnote2anc\" name=\"sdfootnote2sym\">2<\/a>&#8211;\u00a0Ce n\u2019est pas moi qui invente les noms de lieux. Et non, vous n\u2019aurez pas droit cette fois \u00e0 un de ces jeux de mots vaseux qui contribuent \u00e0 l\u2019\u00e9l\u00e9vation de ce blog. Trop facile.<\/em><\/p>\n<\/div>\n<div id=\"sdfootnote3\">\n<p class=\"sdfootnote\"><em><a class=\"sdfootnotesym\" href=\"#sdfootnote3anc\" name=\"sdfootnote3sym\">3<\/a>&#8211;\u00a0L\u00e0 non plus, n\u2019insistez pas.<\/em><\/p>\n<\/div>\n<div id=\"sdfootnote4\">\n<p class=\"sdfootnote\"><em><a class=\"sdfootnotesym\" href=\"#sdfootnote4anc\" name=\"sdfootnote4sym\">4<\/a>&#8211;\u00a0\u00c7a fait plus riche que translucide, non\u00a0?<\/em><\/p>\n<\/div>\n","protected":false},"excerpt":{"rendered":"<p>L\u2019Ile des Pins a \u00e9t\u00e9 une escale que nous n\u2019oublierons pas tout de suite. Mais nous ne jouons pas dans la m\u00eame cour qu\u2019Albert1\u00a0: pour nous, l\u2019\u00e9lasticit\u00e9 du temps est assez limit\u00e9e, et il faut bouger si nous voulons continuer \u00e0 en mettre plein les yeux \u00e0 MarieJo et Cathy avant leur retour vers la &hellip; <a href=\"https:\/\/kouskeol.fr\/?p=4091\" class=\"more-link\">Continuer la lecture de <span class=\"screen-reader-text\">\u00celes Loyaut\u00e9\u00a0: Mar\u00e9 \u2013 19-23 juillet 2016<\/span>  <span class=\"meta-nav\">&rarr;<\/span><\/a><\/p>\n","protected":false},"author":1,"featured_media":0,"comment_status":"open","ping_status":"open","sticky":false,"template":"","format":"standard","meta":{"ngg_post_thumbnail":0,"footnotes":""},"categories":[8,55],"tags":[],"class_list":["post-4091","post","type-post","status-publish","format-standard","hentry","category-voyage","category-pacifique"],"_links":{"self":[{"href":"https:\/\/kouskeol.fr\/index.php?rest_route=\/wp\/v2\/posts\/4091","targetHints":{"allow":["GET"]}}],"collection":[{"href":"https:\/\/kouskeol.fr\/index.php?rest_route=\/wp\/v2\/posts"}],"about":[{"href":"https:\/\/kouskeol.fr\/index.php?rest_route=\/wp\/v2\/types\/post"}],"author":[{"embeddable":true,"href":"https:\/\/kouskeol.fr\/index.php?rest_route=\/wp\/v2\/users\/1"}],"replies":[{"embeddable":true,"href":"https:\/\/kouskeol.fr\/index.php?rest_route=%2Fwp%2Fv2%2Fcomments&post=4091"}],"version-history":[{"count":4,"href":"https:\/\/kouskeol.fr\/index.php?rest_route=\/wp\/v2\/posts\/4091\/revisions"}],"predecessor-version":[{"id":4120,"href":"https:\/\/kouskeol.fr\/index.php?rest_route=\/wp\/v2\/posts\/4091\/revisions\/4120"}],"wp:attachment":[{"href":"https:\/\/kouskeol.fr\/index.php?rest_route=%2Fwp%2Fv2%2Fmedia&parent=4091"}],"wp:term":[{"taxonomy":"category","embeddable":true,"href":"https:\/\/kouskeol.fr\/index.php?rest_route=%2Fwp%2Fv2%2Fcategories&post=4091"},{"taxonomy":"post_tag","embeddable":true,"href":"https:\/\/kouskeol.fr\/index.php?rest_route=%2Fwp%2Fv2%2Ftags&post=4091"}],"curies":[{"name":"wp","href":"https:\/\/api.w.org\/{rel}","templated":true}]}}