{"id":4121,"date":"2016-08-06T07:38:03","date_gmt":"2016-08-06T06:38:03","guid":{"rendered":"http:\/\/kouskeol.fr\/?p=4121"},"modified":"2016-08-06T08:26:00","modified_gmt":"2016-08-06T07:26:00","slug":"iles-loyaute-lifou-23-28-juillet-2016","status":"publish","type":"post","link":"https:\/\/kouskeol.fr\/?p=4121","title":{"rendered":"\u00celes Loyaut\u00e9\u00a0: Lifou \u2013 23-28 juillet 2016"},"content":{"rendered":"<p><b>23 juillet<\/b>. D\u00e9part de Tadine \u00e0 quatre heures du matin comme pr\u00e9vu pour avaler la cinquantaine de milles avant Lifou et arriver de jour. L\u2019objectif est de mouiller devant Doueoulou sur la c\u00f4te ouest, mais le vent plut\u00f4t faiblard fera que nous nous dirigerons vers Luengoni, \u00e0 l\u2019est et donc vent de travers au lieu d\u2019un grand largue mollasson. Nous avons rep\u00e9r\u00e9 un mouillage qui a l\u2019air fort sympathique sur un guide que nous a pass\u00e9 Sylvain, de Th\u00e9tis.<\/p>\n<p>Le guide, on ne peut plus compendieux, indique une passe tr\u00e8s difficile \u00e0 n\u2019entreprendre que dans de bonnes conditions\u00a0: elles semblent r\u00e9unies (beau temps, vent et houle faibles), donc nous d\u00e9cidons de tenter. Les explications sont succinctes, mais gr\u00e2ce \u00e0 la bonne visibilit\u00e9 nous franchissons l\u2019\u00e9troit seuil sans probl\u00e8me, un \u00e0 la barre et l\u2019autre \u00e0 l\u2019avant avec des lunettes polarisantes.<\/p>\n<figure id=\"attachment_4122\" aria-describedby=\"caption-attachment-4122\" style=\"width: 300px\" class=\"wp-caption aligncenter\"><a href=\"http:\/\/kouskeol.fr\/wp-content\/uploads\/2016\/08\/CCWG6233-1280x960.jpg\" target=\"_blank\"><img loading=\"lazy\" decoding=\"async\" class=\"wp-image-4122 size-medium\" src=\"http:\/\/kouskeol.fr\/wp-content\/uploads\/2016\/08\/CCWG6233-1280x960-300x225.jpg\" alt=\"CCWG6233 (1280x960)\" width=\"300\" height=\"225\" srcset=\"https:\/\/kouskeol.fr\/wp-content\/uploads\/2016\/08\/CCWG6233-1280x960-300x225.jpg 300w, https:\/\/kouskeol.fr\/wp-content\/uploads\/2016\/08\/CCWG6233-1280x960-768x576.jpg 768w, https:\/\/kouskeol.fr\/wp-content\/uploads\/2016\/08\/CCWG6233-1280x960-1024x768.jpg 1024w, https:\/\/kouskeol.fr\/wp-content\/uploads\/2016\/08\/CCWG6233-1280x960.jpg 1280w\" sizes=\"auto, (max-width: 300px) 100vw, 300px\" \/><\/a><figcaption id=\"caption-attachment-4122\" class=\"wp-caption-text\">La passe, entre le caillou et le platier&#8230;<\/figcaption><\/figure>\n<p>Une fois la passe franchie, et un petit slalom entre les patates, tr\u00e8s visible sur le fond de sable, nous arrivons \u00e0 un superbe mouillage dans quatre \u00e0 cinq m\u00e8tres d\u2019eau, \u00e0 moins de deux cents m\u00e8tres d\u2019une belle plage.<\/p>\n<figure id=\"attachment_4141\" aria-describedby=\"caption-attachment-4141\" style=\"width: 300px\" class=\"wp-caption aligncenter\"><a href=\"http:\/\/kouskeol.fr\/wp-content\/uploads\/2016\/08\/CCWG6224-1280x960.jpg\" target=\"_blank\"><img loading=\"lazy\" decoding=\"async\" class=\"wp-image-4141 size-medium\" src=\"http:\/\/kouskeol.fr\/wp-content\/uploads\/2016\/08\/CCWG6224-1280x960-300x225.jpg\" alt=\"CCWG6224 (1280x960)\" width=\"300\" height=\"225\" srcset=\"https:\/\/kouskeol.fr\/wp-content\/uploads\/2016\/08\/CCWG6224-1280x960-300x225.jpg 300w, https:\/\/kouskeol.fr\/wp-content\/uploads\/2016\/08\/CCWG6224-1280x960-768x576.jpg 768w, https:\/\/kouskeol.fr\/wp-content\/uploads\/2016\/08\/CCWG6224-1280x960-1024x768.jpg 1024w, https:\/\/kouskeol.fr\/wp-content\/uploads\/2016\/08\/CCWG6224-1280x960.jpg 1280w\" sizes=\"auto, (max-width: 300px) 100vw, 300px\" \/><\/a><figcaption id=\"caption-attachment-4141\" class=\"wp-caption-text\">Au mouillage devant Luengoni.<\/figcaption><\/figure>\n<p>L\u2019eau est claire, mais le ressac la rend un peu opaline. Les coraux \u00e0 l\u2019int\u00e9rieur du lagon sont assez ab\u00eem\u00e9s, mais il y a beaucoup de poissons, des seiches, des raies\u2026<\/p>\n<p><a href=\"http:\/\/kouskeol.fr\/wp-content\/uploads\/2016\/08\/CCWG6212-2-1280x1034.jpg\" target=\"_blank\"><img loading=\"lazy\" decoding=\"async\" class=\"aligncenter wp-image-4142 size-medium\" src=\"http:\/\/kouskeol.fr\/wp-content\/uploads\/2016\/08\/CCWG6212-2-1280x1034-300x242.jpg\" alt=\"CCWG6212 (2) (1280x1034)\" width=\"300\" height=\"242\" srcset=\"https:\/\/kouskeol.fr\/wp-content\/uploads\/2016\/08\/CCWG6212-2-1280x1034-300x242.jpg 300w, https:\/\/kouskeol.fr\/wp-content\/uploads\/2016\/08\/CCWG6212-2-1280x1034-768x620.jpg 768w, https:\/\/kouskeol.fr\/wp-content\/uploads\/2016\/08\/CCWG6212-2-1280x1034-1024x827.jpg 1024w, https:\/\/kouskeol.fr\/wp-content\/uploads\/2016\/08\/CCWG6212-2-1280x1034.jpg 1280w\" sizes=\"auto, (max-width: 300px) 100vw, 300px\" \/><\/a> <a href=\"http:\/\/kouskeol.fr\/wp-content\/uploads\/2016\/08\/CCWG6215-2-1280x961.jpg\" target=\"_blank\"><img loading=\"lazy\" decoding=\"async\" class=\"aligncenter wp-image-4143 size-medium\" src=\"http:\/\/kouskeol.fr\/wp-content\/uploads\/2016\/08\/CCWG6215-2-1280x961-300x221.jpg\" alt=\"CCWG6215 (2) (1280x961)\" width=\"300\" height=\"221\" srcset=\"https:\/\/kouskeol.fr\/wp-content\/uploads\/2016\/08\/CCWG6215-2-1280x961-300x221.jpg 300w, https:\/\/kouskeol.fr\/wp-content\/uploads\/2016\/08\/CCWG6215-2-1280x961-768x567.jpg 768w, https:\/\/kouskeol.fr\/wp-content\/uploads\/2016\/08\/CCWG6215-2-1280x961-1024x755.jpg 1024w, https:\/\/kouskeol.fr\/wp-content\/uploads\/2016\/08\/CCWG6215-2-1280x961.jpg 1254w\" sizes=\"auto, (max-width: 300px) 100vw, 300px\" \/><\/a><\/p>\n<p><b>Dimanche 25 juillet<\/b>. La m\u00e9t\u00e9o ayant d\u00e9cid\u00e9 que les bonnes conditions avaient assez dur\u00e9 (annonce de houle plus forte), nous d\u00e9cidons de lever le camp vers W\u00e9 avant de se faire pi\u00e9ger dans le mouillage\u00a0: quinze milles vers le nord, au moteur pour cause de vent d\u00e9ficient, pour une arriv\u00e9e dans une minuscule marina, la seule des \u00eeles. O\u00f9 nous serons le troisi\u00e8me voilier de passage depuis le d\u00e9but de l\u2019ann\u00e9e.<\/p>\n<figure id=\"attachment_4146\" aria-describedby=\"caption-attachment-4146\" style=\"width: 300px\" class=\"wp-caption aligncenter\"><a href=\"http:\/\/kouskeol.fr\/wp-content\/uploads\/2016\/08\/We3.jpg\" target=\"_blank\"><img loading=\"lazy\" decoding=\"async\" class=\"wp-image-4146 size-medium\" src=\"http:\/\/kouskeol.fr\/wp-content\/uploads\/2016\/08\/We3-300x225.jpg\" alt=\"We3\" width=\"300\" height=\"225\" srcset=\"https:\/\/kouskeol.fr\/wp-content\/uploads\/2016\/08\/We3-300x225.jpg 300w, https:\/\/kouskeol.fr\/wp-content\/uploads\/2016\/08\/We3-768x575.jpg 768w, https:\/\/kouskeol.fr\/wp-content\/uploads\/2016\/08\/We3-1024x767.jpg 1024w, https:\/\/kouskeol.fr\/wp-content\/uploads\/2016\/08\/We3.jpg 1276w\" sizes=\"auto, (max-width: 300px) 100vw, 300px\" \/><\/a><figcaption id=\"caption-attachment-4146\" class=\"wp-caption-text\">Eglise de We.<\/figcaption><\/figure>\n<p><a href=\"http:\/\/kouskeol.fr\/wp-content\/uploads\/2016\/08\/We2.jpg\" target=\"_blank\"><img loading=\"lazy\" decoding=\"async\" class=\"aligncenter wp-image-4145 size-medium\" src=\"http:\/\/kouskeol.fr\/wp-content\/uploads\/2016\/08\/We2-300x224.jpg\" alt=\"We2\" width=\"300\" height=\"224\" srcset=\"https:\/\/kouskeol.fr\/wp-content\/uploads\/2016\/08\/We2-300x224.jpg 300w, https:\/\/kouskeol.fr\/wp-content\/uploads\/2016\/08\/We2-768x574.jpg 768w, https:\/\/kouskeol.fr\/wp-content\/uploads\/2016\/08\/We2-1024x765.jpg 1024w, https:\/\/kouskeol.fr\/wp-content\/uploads\/2016\/08\/We2.jpg 1274w\" sizes=\"auto, (max-width: 300px) 100vw, 300px\" \/><\/a><\/p>\n<p><a href=\"http:\/\/kouskeol.fr\/wp-content\/uploads\/2016\/08\/We4.jpg\" target=\"_blank\"><img loading=\"lazy\" decoding=\"async\" class=\"aligncenter wp-image-4147 size-medium\" src=\"http:\/\/kouskeol.fr\/wp-content\/uploads\/2016\/08\/We4-300x224.jpg\" alt=\"We4\" width=\"300\" height=\"224\" srcset=\"https:\/\/kouskeol.fr\/wp-content\/uploads\/2016\/08\/We4-300x224.jpg 300w, https:\/\/kouskeol.fr\/wp-content\/uploads\/2016\/08\/We4-768x574.jpg 768w, https:\/\/kouskeol.fr\/wp-content\/uploads\/2016\/08\/We4-1024x766.jpg 1024w, https:\/\/kouskeol.fr\/wp-content\/uploads\/2016\/08\/We4.jpg 1278w\" sizes=\"auto, (max-width: 300px) 100vw, 300px\" \/><\/a><\/p>\n<figure id=\"attachment_4144\" aria-describedby=\"caption-attachment-4144\" style=\"width: 300px\" class=\"wp-caption aligncenter\"><a href=\"http:\/\/kouskeol.fr\/wp-content\/uploads\/2016\/08\/We1.jpg\" target=\"_blank\"><img loading=\"lazy\" decoding=\"async\" class=\"wp-image-4144 size-medium\" src=\"http:\/\/kouskeol.fr\/wp-content\/uploads\/2016\/08\/We1-300x225.jpg\" alt=\"We1\" width=\"300\" height=\"225\" srcset=\"https:\/\/kouskeol.fr\/wp-content\/uploads\/2016\/08\/We1-300x225.jpg 300w, https:\/\/kouskeol.fr\/wp-content\/uploads\/2016\/08\/We1-768x576.jpg 768w, https:\/\/kouskeol.fr\/wp-content\/uploads\/2016\/08\/We1-1024x768.jpg 1024w, https:\/\/kouskeol.fr\/wp-content\/uploads\/2016\/08\/We1.jpg 1280w\" sizes=\"auto, (max-width: 300px) 100vw, 300px\" \/><\/a><figcaption id=\"caption-attachment-4144\" class=\"wp-caption-text\">La case coutumi\u00e8re.<\/figcaption><\/figure>\n<p>Bien que dans W\u00e9, la capitale des \u00celes Loyaut\u00e9, nous avons encore une fois l\u2019impression d\u2019un village\/tribu sans urbanisation planifi\u00e9e\u00a0: pas de centre, les habitations sont dispers\u00e9es, de m\u00eame que les b\u00e2timents officiels. Pas de restaurant ouvert pour cette premi\u00e8re soir\u00e9e en ville\u00a0: nous mangerons \u00e0 bord. Les p\u00e2tes au pistou de MarieJo, c\u2019est pas mal non plus.<\/p>\n<p>L\u2019\u00eele \u00e9tant tr\u00e8s \u00e9tendue, nous louons \u00e0 nouveau une voiture pour nous faire une id\u00e9e. Le tour d\u00e9marre par la visite de la chefferie du secteur nord, \u00e0 Hnatalo. L\u2019\u00e9glise est b\u00e2tie \u00e0 c\u00f4t\u00e9 de la demeure du grand chef.<\/p>\n<figure id=\"attachment_4124\" aria-describedby=\"caption-attachment-4124\" style=\"width: 300px\" class=\"wp-caption aligncenter\"><a href=\"http:\/\/kouskeol.fr\/wp-content\/uploads\/2016\/08\/Hnatalo0.jpg\" target=\"_blank\"><img loading=\"lazy\" decoding=\"async\" class=\"wp-image-4124 size-medium\" src=\"http:\/\/kouskeol.fr\/wp-content\/uploads\/2016\/08\/Hnatalo0-300x224.jpg\" alt=\"Hnatalo0\" width=\"300\" height=\"224\" srcset=\"https:\/\/kouskeol.fr\/wp-content\/uploads\/2016\/08\/Hnatalo0-300x224.jpg 300w, https:\/\/kouskeol.fr\/wp-content\/uploads\/2016\/08\/Hnatalo0-768x574.jpg 768w, https:\/\/kouskeol.fr\/wp-content\/uploads\/2016\/08\/Hnatalo0-1024x765.jpg 1024w, https:\/\/kouskeol.fr\/wp-content\/uploads\/2016\/08\/Hnatalo0.jpg 1272w\" sizes=\"auto, (max-width: 300px) 100vw, 300px\" \/><\/a><figcaption id=\"caption-attachment-4124\" class=\"wp-caption-text\">La maison du chef.<\/figcaption><\/figure>\n<p>Un peu plus loin se trouve la case traditionnelle o\u00f9 ont lieu les r\u00e9unions n\u00e9cessitant une d\u00e9cision du grand chef et touchant tout l\u00a0&lsquo;ensemble des tribus du nord\u00a0: remarquable travail pour faire la structure et la toiture.<\/p>\n<figure id=\"attachment_4125\" aria-describedby=\"caption-attachment-4125\" style=\"width: 300px\" class=\"wp-caption aligncenter\"><a href=\"http:\/\/kouskeol.fr\/wp-content\/uploads\/2016\/08\/Hnatalo1.jpg\" target=\"_blank\"><img loading=\"lazy\" decoding=\"async\" class=\"wp-image-4125 size-medium\" src=\"http:\/\/kouskeol.fr\/wp-content\/uploads\/2016\/08\/Hnatalo1-300x225.jpg\" alt=\"Hnatalo1\" width=\"300\" height=\"225\" srcset=\"https:\/\/kouskeol.fr\/wp-content\/uploads\/2016\/08\/Hnatalo1-300x225.jpg 300w, https:\/\/kouskeol.fr\/wp-content\/uploads\/2016\/08\/Hnatalo1-768x575.jpg 768w, https:\/\/kouskeol.fr\/wp-content\/uploads\/2016\/08\/Hnatalo1-1024x767.jpg 1024w, https:\/\/kouskeol.fr\/wp-content\/uploads\/2016\/08\/Hnatalo1.jpg 1274w\" sizes=\"auto, (max-width: 300px) 100vw, 300px\" \/><\/a><figcaption id=\"caption-attachment-4125\" class=\"wp-caption-text\">La grand case coutumi\u00e8re.<\/figcaption><\/figure>\n<figure id=\"attachment_4123\" aria-describedby=\"caption-attachment-4123\" style=\"width: 225px\" class=\"wp-caption aligncenter\"><a href=\"http:\/\/kouskeol.fr\/wp-content\/uploads\/2016\/08\/Hanatalo2.jpg\" target=\"_blank\"><img loading=\"lazy\" decoding=\"async\" class=\"wp-image-4123 size-medium\" src=\"http:\/\/kouskeol.fr\/wp-content\/uploads\/2016\/08\/Hanatalo2-225x300.jpg\" alt=\"Hanatalo2\" width=\"225\" height=\"300\" srcset=\"https:\/\/kouskeol.fr\/wp-content\/uploads\/2016\/08\/Hanatalo2-225x300.jpg 225w, https:\/\/kouskeol.fr\/wp-content\/uploads\/2016\/08\/Hanatalo2-768x1024.jpg 768w, https:\/\/kouskeol.fr\/wp-content\/uploads\/2016\/08\/Hanatalo2.jpg 960w\" sizes=\"auto, (max-width: 225px) 100vw, 225px\" \/><\/a><figcaption id=\"caption-attachment-4123\" class=\"wp-caption-text\">L&rsquo;int\u00e9rieur de la case.<\/figcaption><\/figure>\n<p>La route nous m\u00e8ne ensuite \u00e0 la chefferie de Chepenehe, au nord de la baie de Santal. La baie, quinze kilom\u00e8tres de large au nord-ouest de Mar\u00e9, est remarquable. Le bois de santal fut une richesse de l\u2019\u00eele, avant d\u2019\u00eatre compl\u00e8tement pill\u00e9. Un navire de croisi\u00e8re est au mouillage et d\u00e9charge sa nombreuse cargaison de touristes. Du coup, pr\u00e8s du petit d\u00e9barcad\u00e8re, toutes sortes de petits commerces se sont install\u00e9s. Et nous ne serons pas seuls pour monter sur le promontoire qui domine la baie, et sur lequel a \u00e9t\u00e9 b\u00e2tie la petite chapelle de Notre Dame de Lourdes.<\/p>\n<p><a href=\"http:\/\/kouskeol.fr\/wp-content\/uploads\/2016\/08\/CapBaieSantal.jpg\" target=\"_blank\"><img loading=\"lazy\" decoding=\"async\" class=\"aligncenter wp-image-4131 size-medium\" src=\"http:\/\/kouskeol.fr\/wp-content\/uploads\/2016\/08\/CapBaieSantal-300x225.jpg\" alt=\"CapBaieSantal\" width=\"300\" height=\"225\" srcset=\"https:\/\/kouskeol.fr\/wp-content\/uploads\/2016\/08\/CapBaieSantal-300x225.jpg 300w, https:\/\/kouskeol.fr\/wp-content\/uploads\/2016\/08\/CapBaieSantal-768x575.jpg 768w, https:\/\/kouskeol.fr\/wp-content\/uploads\/2016\/08\/CapBaieSantal-1024x767.jpg 1024w, https:\/\/kouskeol.fr\/wp-content\/uploads\/2016\/08\/CapBaieSantal.jpg 1276w\" sizes=\"auto, (max-width: 300px) 100vw, 300px\" \/><\/a><\/p>\n<p>Toutes les cases coutumi\u00e8res ont leur entr\u00e9e encadr\u00e9e de deux totems\u00a0: les gardiens de la case. Il doit donc y avoir des sculpteurs sur ces \u00eeles, non\u00a0? Vous suivez le raisonnement\u00a0? Effectivement, en traversant la tribu de Jozip, un panneau indique que l\u2019on peut entrer voir des sculptures sur bois. Exactement ce que nous cherchons. Donc on entre dans un vague enclos o\u00f9 l\u2019on entend du bruit venant d\u2019une esp\u00e8ce de grange\u00a0: nous en faisons le tour en appelant, sans succ\u00e8s. Pour finalement tomber sur le sculpteur, qui commence \u00e0 nous engueuler parce que nous n\u2019avions pas fait le tour dans le bon sens, et nous plante sans plus un mot\u2026 Autant dire que nous ne restons pas\u00a0! C\u2019est bien une des rares fois o\u00f9 nous sommes aussi mal accueillis.<\/p>\n<p>C\u2019est comme \u00e7a. Entre temps, le soleil se pr\u00e9pare \u00e0 passer une bonne nuit de plus\u00a0: pas blas\u00e9s, nous d\u00e9cidons d\u2019admirer son coucher encore une fois, avant d\u2019aller faire de m\u00eame sur Kousk Eol.<\/p>\n<p><a href=\"http:\/\/kouskeol.fr\/wp-content\/uploads\/2016\/08\/BaieSantal2.jpg\" target=\"_blank\"><img loading=\"lazy\" decoding=\"async\" class=\"aligncenter wp-image-4132 size-medium\" src=\"http:\/\/kouskeol.fr\/wp-content\/uploads\/2016\/08\/BaieSantal2-300x225.jpg\" alt=\"BaieSantal2\" width=\"300\" height=\"225\" srcset=\"https:\/\/kouskeol.fr\/wp-content\/uploads\/2016\/08\/BaieSantal2-300x225.jpg 300w, https:\/\/kouskeol.fr\/wp-content\/uploads\/2016\/08\/BaieSantal2-768x576.jpg 768w, https:\/\/kouskeol.fr\/wp-content\/uploads\/2016\/08\/BaieSantal2-1024x768.jpg 1024w, https:\/\/kouskeol.fr\/wp-content\/uploads\/2016\/08\/BaieSantal2.jpg 1278w\" sizes=\"auto, (max-width: 300px) 100vw, 300px\" \/><\/a><\/p>\n<p>Pour changer, le repas se fera au resto d\u2019un de rares h\u00f4tels de l\u2019\u00eele, le <i>Drehu Village Hotel<\/i>, au bord de la plage donnant sur la baie de Chateaubriand.<\/p>\n<figure id=\"attachment_4133\" aria-describedby=\"caption-attachment-4133\" style=\"width: 300px\" class=\"wp-caption aligncenter\"><a href=\"http:\/\/kouskeol.fr\/wp-content\/uploads\/2016\/08\/CCWG6256-1280x960.jpg\" target=\"_blank\"><img loading=\"lazy\" decoding=\"async\" class=\"wp-image-4133 size-medium\" src=\"http:\/\/kouskeol.fr\/wp-content\/uploads\/2016\/08\/CCWG6256-1280x960-300x225.jpg\" alt=\"CCWG6256 (1280x960)\" width=\"300\" height=\"225\" srcset=\"https:\/\/kouskeol.fr\/wp-content\/uploads\/2016\/08\/CCWG6256-1280x960-300x225.jpg 300w, https:\/\/kouskeol.fr\/wp-content\/uploads\/2016\/08\/CCWG6256-1280x960-768x575.jpg 768w, https:\/\/kouskeol.fr\/wp-content\/uploads\/2016\/08\/CCWG6256-1280x960-1024x767.jpg 1024w, https:\/\/kouskeol.fr\/wp-content\/uploads\/2016\/08\/CCWG6256-1280x960.jpg 1276w\" sizes=\"auto, (max-width: 300px) 100vw, 300px\" \/><\/a><figcaption id=\"caption-attachment-4133\" class=\"wp-caption-text\">La plage devant l&rsquo;h\u00f4tel.<\/figcaption><\/figure>\n<p>Grosse discussion sur le programme des jours suivants. Le temps devrait se d\u00e9grader et passer \u00e0 la pluie\u00a0: bon moment pour naviguer\u00a0! Mais o\u00f9\u00a0? Plus au nord, avec la perspective d\u2019un tr\u00e8s long bord de pr\u00e8s, peu confortable, pour rentrer\u00a0? Ou nous diriger tout de suite vers le lagon sud de la Nouvelle-Cal\u00e9donie pour profiter de ce que le vent passe au nord temporairement\u00a0? C\u2019est la deuxi\u00e8me option qui est retenue. Donc nous passerons cette derni\u00e8re journ\u00e9e \u00e0 refaire un tour sur l\u2019\u00eele avec la voiture que nous avons gard\u00e9e.<\/p>\n<p>Et cette fois nous tombons sur l\u2019atelier d\u2019un sculpteur souriant, avec qui nous passerons un long moment \u00e0 discuter des symboles sur les totems entre clans de la mer et clans de la terre, de la vie, des coutumes (c\u2019est aussi un chef de tribu), des vari\u00e9t\u00e9s de bois et de leurs propri\u00e9t\u00e9s, du fait que les enfants quittent l\u2019\u00eele pour leurs \u00e9tudes et ne rentrent pas toujours, etc. Une int\u00e9ressante le\u00e7on de choses.<\/p>\n<p>L\u2019\u00e9tape d\u2019apr\u00e8s sera Jokin, \u00e0 l\u2019extr\u00eame nord de Mar\u00e9, r\u00e9put\u00e9 pour ses falaises. Et la r\u00e9putation n\u2019est pas surfaite\u00a0: un petit escalier permet de descendre jusqu\u2019\u00e0 la mer o\u00f9 la vue coupe le souffle.<\/p>\n<p><a href=\"http:\/\/kouskeol.fr\/wp-content\/uploads\/2016\/08\/Jokin.jpg\" target=\"_blank\"><img loading=\"lazy\" decoding=\"async\" class=\"aligncenter wp-image-4134 size-medium\" src=\"http:\/\/kouskeol.fr\/wp-content\/uploads\/2016\/08\/Jokin-300x199.jpg\" alt=\"Jokin\" width=\"300\" height=\"199\" srcset=\"https:\/\/kouskeol.fr\/wp-content\/uploads\/2016\/08\/Jokin-300x199.jpg 300w, https:\/\/kouskeol.fr\/wp-content\/uploads\/2016\/08\/Jokin-768x509.jpg 768w, https:\/\/kouskeol.fr\/wp-content\/uploads\/2016\/08\/Jokin-1024x678.jpg 1024w, https:\/\/kouskeol.fr\/wp-content\/uploads\/2016\/08\/Jokin.jpg 1280w\" sizes=\"auto, (max-width: 300px) 100vw, 300px\" \/><\/a><\/p>\n<p>Nous apprenons que les cavit\u00e9s dans la falaise servaient de s\u00e9pulture aux morts, avant l\u2019arriv\u00e9e des missionnaires, qui eux savaient mieux que les autres, forts de leur dieu \u00e9videmment plus puissant. D\u2019ailleurs, l\u2019affichage pr\u00e8s de la petite \u00e9glise laisse perplexe\u2026<\/p>\n<figure id=\"attachment_4135\" aria-describedby=\"caption-attachment-4135\" style=\"width: 300px\" class=\"wp-caption aligncenter\"><a href=\"http:\/\/kouskeol.fr\/wp-content\/uploads\/2016\/08\/JokinRecommandation.jpg\" target=\"_blank\"><img loading=\"lazy\" decoding=\"async\" class=\"wp-image-4135 size-medium\" src=\"http:\/\/kouskeol.fr\/wp-content\/uploads\/2016\/08\/JokinRecommandation-300x224.jpg\" alt=\"JokinRecommandation\" width=\"300\" height=\"224\" srcset=\"https:\/\/kouskeol.fr\/wp-content\/uploads\/2016\/08\/JokinRecommandation-300x224.jpg 300w, https:\/\/kouskeol.fr\/wp-content\/uploads\/2016\/08\/JokinRecommandation-768x574.jpg 768w, https:\/\/kouskeol.fr\/wp-content\/uploads\/2016\/08\/JokinRecommandation-1024x766.jpg 1024w, https:\/\/kouskeol.fr\/wp-content\/uploads\/2016\/08\/JokinRecommandation.jpg 1276w\" sizes=\"auto, (max-width: 300px) 100vw, 300px\" \/><\/a><figcaption id=\"caption-attachment-4135\" class=\"wp-caption-text\">Respectez les horaires du quoi ? La traduction anglaise est particuli\u00e8rement hypocrite\u2026<\/figcaption><\/figure>\n<p>L\u2019eau sous les falaises est d\u2019une limpidit\u00e9 extraordinaire et donne l\u2019impression de nager dans un aquarium. L\u2019eau de mer, \u00e7a creuse, donc nous nous arr\u00eaterons dans un petit restaurant dans la campagne pour midi, pour \u00eatre en forme avant de retourner vers la baie de Santal, cette fois au sud, sur la plage de Peng.<\/p>\n<p>Et l\u00e0, le spectacle est toujours au niveau\u00a0: nous y resterons la fin de l\u2019apr\u00e8s-midi jusqu\u2019au coucher de soleil une nouvelle fois\u2026<\/p>\n<figure id=\"attachment_4136\" aria-describedby=\"caption-attachment-4136\" style=\"width: 300px\" class=\"wp-caption aligncenter\"><a href=\"http:\/\/kouskeol.fr\/wp-content\/uploads\/2016\/08\/BaieSantal1.jpg\" target=\"_blank\"><img loading=\"lazy\" decoding=\"async\" class=\"wp-image-4136 size-medium\" src=\"http:\/\/kouskeol.fr\/wp-content\/uploads\/2016\/08\/BaieSantal1-300x225.jpg\" alt=\"BaieSantal1\" width=\"300\" height=\"225\" srcset=\"https:\/\/kouskeol.fr\/wp-content\/uploads\/2016\/08\/BaieSantal1-300x225.jpg 300w, https:\/\/kouskeol.fr\/wp-content\/uploads\/2016\/08\/BaieSantal1-768x576.jpg 768w, https:\/\/kouskeol.fr\/wp-content\/uploads\/2016\/08\/BaieSantal1-1024x768.jpg 1024w, https:\/\/kouskeol.fr\/wp-content\/uploads\/2016\/08\/BaieSantal1.jpg 1280w\" sizes=\"auto, (max-width: 300px) 100vw, 300px\" \/><\/a><figcaption id=\"caption-attachment-4136\" class=\"wp-caption-text\">La plage de Peng.<\/figcaption><\/figure>\n<figure id=\"attachment_4169\" aria-describedby=\"caption-attachment-4169\" style=\"width: 300px\" class=\"wp-caption aligncenter\"><a href=\"http:\/\/kouskeol.fr\/wp-content\/uploads\/2016\/08\/FranginsSantal.jpg\" target=\"_blank\"><img loading=\"lazy\" decoding=\"async\" class=\"wp-image-4169 size-medium\" src=\"http:\/\/kouskeol.fr\/wp-content\/uploads\/2016\/08\/FranginsSantal-300x225.jpg\" alt=\"FranginsSantal\" width=\"300\" height=\"225\" srcset=\"https:\/\/kouskeol.fr\/wp-content\/uploads\/2016\/08\/FranginsSantal-300x225.jpg 300w, https:\/\/kouskeol.fr\/wp-content\/uploads\/2016\/08\/FranginsSantal-768x576.jpg 768w, https:\/\/kouskeol.fr\/wp-content\/uploads\/2016\/08\/FranginsSantal-1024x768.jpg 1024w, https:\/\/kouskeol.fr\/wp-content\/uploads\/2016\/08\/FranginsSantal.jpg 1280w\" sizes=\"auto, (max-width: 300px) 100vw, 300px\" \/><\/a><figcaption id=\"caption-attachment-4169\" class=\"wp-caption-text\">Trop dure, la vie de marins sur Kousk Eol&#8230;<\/figcaption><\/figure>\n<p><a href=\"http:\/\/kouskeol.fr\/wp-content\/uploads\/2016\/08\/BaieSantal3.jpg\" target=\"_blank\"><img loading=\"lazy\" decoding=\"async\" class=\"aligncenter wp-image-4137 size-medium\" src=\"http:\/\/kouskeol.fr\/wp-content\/uploads\/2016\/08\/BaieSantal3-300x224.jpg\" alt=\"BaieSantal3\" width=\"300\" height=\"224\" srcset=\"https:\/\/kouskeol.fr\/wp-content\/uploads\/2016\/08\/BaieSantal3-300x224.jpg 300w, https:\/\/kouskeol.fr\/wp-content\/uploads\/2016\/08\/BaieSantal3-768x574.jpg 768w, https:\/\/kouskeol.fr\/wp-content\/uploads\/2016\/08\/BaieSantal3-1024x766.jpg 1024w, https:\/\/kouskeol.fr\/wp-content\/uploads\/2016\/08\/BaieSantal3.jpg 1276w\" sizes=\"auto, (max-width: 300px) 100vw, 300px\" \/><\/a><\/p>\n<p><b>Mercredi 27 juillet<\/b>\u00a0: c\u2019est aujourd\u2019hui que nous repartons vers le lagon sud. Auparavant, il faut s\u2019occuper de Kousk Eol\u00a0: quand on l\u2019abandonne comme \u00e7a au mouillage ou dans une marina, il a tendance \u00e0 se laisser aller et les algues en profitent pour se d\u00e9velopper sous la coque. Les algues, c\u2019est peut \u00eatre beau au fond de l\u2019eau, mais rien de tel pour transformer la coque rac\u00e9e d\u2019un l\u00e9vrier des mers en machin peu ragoutant et impropre \u00e0 une navigation rapide. Le narguil\u00e9, qui n\u2019avait plus servi depuis Papeete il y a plus de trois mois, est ressorti de son sac, ainsi que les grattoirs divers\u00a0: l\u2019eau de la petite marina circule bien, est tr\u00e8s claire et calme. Conditions id\u00e9ales pour ce genre d\u2019exercice.<\/p>\n<p>J\u2019en entends d\u00e9j\u00e0 qui posent la question\u00a0: \u00ab\u00a0Mais pourquoi donc ne poussez vous pas jusqu\u2019\u00e0 Ouv\u00e9a, la troisi\u00e8me des \u00celes Loyaut\u00e9\u00a0? Hein\u00a0? Dites voir\u00a0? Pourquoi\u00a0?\u00a0\u00bb. Je comprends bien que cette question vous taraude, mais c\u2019est comme \u00e7a. Comme d\u00e9j\u00e0 indiqu\u00e9, notre manque de ma\u00eetrise des principes de la relativit\u00e9 fait que nous nous heurtons \u00e0 une immuabilit\u00e9 du passage du temps, dont l\u2019\u00e9coulement inexorablement implacable nous approche chaque jour de la fatidique date de retour en m\u00e9tropole de nos cothurnes pr\u00e9f\u00e9r\u00e9es. Il se trouve de plus qu\u2019Ouv\u00e9a est l\u2019\u00eele qui s\u2019approche le plus de ce que nous avons pu admirer aux Tuamotu, question atoll. Tertio autant qu\u2019irr\u00e9missiblement, et ce point a aussi d\u00e9j\u00e0 \u00e9t\u00e9 pr\u00e9cis\u00e9 dans ces pages, dans ce genre de voyage, on rate plus d\u2019endroits qu\u2019on n\u2019en d\u00e9couvre\u00a0; et pourtant on en voit, des belles choses. Donc, la prochaine fois que vous passe par la t\u00eate l\u2019id\u00e9e de poser une question aussi triviale, essayez le truc de brancher quelques synapses et neurones suppl\u00e9mentaires, s\u2019il vous en reste, pour tenter d\u2019\u00e9viter la morgue m\u00e9prisante du scribouillard de service, qui comme chacun sait, mais surtout Cathy, a r\u00e9ponse \u00e0 tout. M\u00eame quand il n\u2019y a pas de question.<\/p>\n<p>Bref\u00a0: sur le coup des treize heures, nous larguons les amarres, et cap vers le sud, avec une m\u00e9t\u00e9o mitig\u00e9e, jonglant entre les effets d\u2019une grosse d\u00e9pression sur la mer de Tasman et les vell\u00e9it\u00e9s de l\u2019anticyclone de pousser \u00e0 nouveau son aliz\u00e9.<\/p>\n<h3 class=\"western\">La passe et le mouillage de Luengoni<\/h3>\n<p>On n\u2019est pas des chiens, et on a d\u00e9cid\u00e9 de partager avec vous l\u2019approche vers ce mouillage dont nous parlons plus haut. Un dessin \u00e9tant souvent moins abscons qu\u2019un discours, on s\u2019est m\u00eame fendu d\u2019un crobard\u00a0:<\/p>\n<p><a href=\"http:\/\/kouskeol.fr\/wp-content\/uploads\/2016\/08\/PasseLuengoni.gif\" target=\"_blank\"><img loading=\"lazy\" decoding=\"async\" class=\"aligncenter wp-image-4138 size-medium\" src=\"http:\/\/kouskeol.fr\/wp-content\/uploads\/2016\/08\/PasseLuengoni-300x212.gif\" alt=\"PasseLuengoni\" width=\"300\" height=\"212\" srcset=\"https:\/\/kouskeol.fr\/wp-content\/uploads\/2016\/08\/PasseLuengoni-300x212.gif 300w, https:\/\/kouskeol.fr\/wp-content\/uploads\/2016\/08\/PasseLuengoni-768x543.gif 768w, https:\/\/kouskeol.fr\/wp-content\/uploads\/2016\/08\/PasseLuengoni-1024x724.gif 1024w\" sizes=\"auto, (max-width: 300px) 100vw, 300px\" \/><\/a><\/p>\n<p>Une difficult\u00e9 est d\u2019identifier l\u2019entr\u00e9e de la passe, marqu\u00e9e sur sa droite par un caillou \u00e9mergeant d\u00e8s la mi-mar\u00e9e, avec un champignon visible pr\u00e8s de la plage (le plus \u00e0 l\u2019est des deux ou trois champignons visibles). Ce champignon donne une bonne approximation d\u2019alignement (au 190\u00b0) pour franchir la passe. Ne surtout pas faire l\u2019\u00e9conomie d\u2019une vigie \u00e0 l\u2019avant, \u00e9quip\u00e9e de lunettes polarisantes\u00a0! La passe est tr\u00e8s \u00e9troite (une dizaine de m\u00e8tres), mais franche et courte, avec une quinzaine de m\u00e8tres d\u2019eau en dessous, et le platier de part et d\u2019autre bien visible.<\/p>\n<figure id=\"attachment_4139\" aria-describedby=\"caption-attachment-4139\" style=\"width: 300px\" class=\"wp-caption aligncenter\"><a href=\"http:\/\/kouskeol.fr\/wp-content\/uploads\/2016\/08\/CCWG6236-1280x960.jpg\" target=\"_blank\"><img loading=\"lazy\" decoding=\"async\" class=\"wp-image-4139 size-medium\" src=\"http:\/\/kouskeol.fr\/wp-content\/uploads\/2016\/08\/CCWG6236-1280x960-300x225.jpg\" alt=\"CCWG6236 (1280x960)\" width=\"300\" height=\"225\" srcset=\"https:\/\/kouskeol.fr\/wp-content\/uploads\/2016\/08\/CCWG6236-1280x960-300x225.jpg 300w, https:\/\/kouskeol.fr\/wp-content\/uploads\/2016\/08\/CCWG6236-1280x960-768x576.jpg 768w, https:\/\/kouskeol.fr\/wp-content\/uploads\/2016\/08\/CCWG6236-1280x960-1024x768.jpg 1024w, https:\/\/kouskeol.fr\/wp-content\/uploads\/2016\/08\/CCWG6236-1280x960.jpg 1280w\" sizes=\"auto, (max-width: 300px) 100vw, 300px\" \/><\/a><figcaption id=\"caption-attachment-4139\" class=\"wp-caption-text\">La passe: \u00e0 droite le rocher \u00e9mergeant, et \u00e0 gauche le platier. Pr\u00e8s de la plage, les \u00ab\u00a0champignons\u00a0\u00bb.<\/figcaption><\/figure>\n<figure id=\"attachment_4140\" aria-describedby=\"caption-attachment-4140\" style=\"width: 300px\" class=\"wp-caption aligncenter\"><a href=\"http:\/\/kouskeol.fr\/wp-content\/uploads\/2016\/08\/CCWG6228-1280x960.jpg\" target=\"_blank\"><img loading=\"lazy\" decoding=\"async\" class=\"wp-image-4140 size-medium\" src=\"http:\/\/kouskeol.fr\/wp-content\/uploads\/2016\/08\/CCWG6228-1280x960-300x225.jpg\" alt=\"CCWG6228 (1280x960)\" width=\"300\" height=\"225\" srcset=\"https:\/\/kouskeol.fr\/wp-content\/uploads\/2016\/08\/CCWG6228-1280x960-300x225.jpg 300w, https:\/\/kouskeol.fr\/wp-content\/uploads\/2016\/08\/CCWG6228-1280x960-768x576.jpg 768w, https:\/\/kouskeol.fr\/wp-content\/uploads\/2016\/08\/CCWG6228-1280x960-1024x768.jpg 1024w, https:\/\/kouskeol.fr\/wp-content\/uploads\/2016\/08\/CCWG6228-1280x960.jpg 1280w\" sizes=\"auto, (max-width: 300px) 100vw, 300px\" \/><\/a><figcaption id=\"caption-attachment-4140\" class=\"wp-caption-text\">Le champignon au sud-est qui donne l&rsquo;alignement.<\/figcaption><\/figure>\n<p>Cette passe n\u2019est certainement pas \u00e0 tenter en cas de vent de secteur nord, ou de houle trop forte. Le mouillage peut devenir un pi\u00e8ge\u00a0: bien \u00e9couter la m\u00e9t\u00e9o (VHF canal 67) pour ressortir avant que les conditions ne se d\u00e9gradent, afin de ne pas rester pi\u00e9g\u00e9\u00a0!<\/p>\n<p>Sinon, le mouillage est magnifique, tranquille, sur fond de sable \u00e0 environ cinq m\u00e8tres, garantie d\u2019une bonne tenue.<\/p>\n","protected":false},"excerpt":{"rendered":"<p>23 juillet. D\u00e9part de Tadine \u00e0 quatre heures du matin comme pr\u00e9vu pour avaler la cinquantaine de milles avant Lifou et arriver de jour. L\u2019objectif est de mouiller devant Doueoulou sur la c\u00f4te ouest, mais le vent plut\u00f4t faiblard fera que nous nous dirigerons vers Luengoni, \u00e0 l\u2019est et donc vent de travers au lieu &hellip; <a href=\"https:\/\/kouskeol.fr\/?p=4121\" class=\"more-link\">Continuer la lecture de <span class=\"screen-reader-text\">\u00celes Loyaut\u00e9\u00a0: Lifou \u2013 23-28 juillet 2016<\/span>  <span class=\"meta-nav\">&rarr;<\/span><\/a><\/p>\n","protected":false},"author":1,"featured_media":0,"comment_status":"open","ping_status":"open","sticky":false,"template":"","format":"standard","meta":{"ngg_post_thumbnail":0,"footnotes":""},"categories":[8,55],"tags":[],"class_list":["post-4121","post","type-post","status-publish","format-standard","hentry","category-voyage","category-pacifique"],"_links":{"self":[{"href":"https:\/\/kouskeol.fr\/index.php?rest_route=\/wp\/v2\/posts\/4121","targetHints":{"allow":["GET"]}}],"collection":[{"href":"https:\/\/kouskeol.fr\/index.php?rest_route=\/wp\/v2\/posts"}],"about":[{"href":"https:\/\/kouskeol.fr\/index.php?rest_route=\/wp\/v2\/types\/post"}],"author":[{"embeddable":true,"href":"https:\/\/kouskeol.fr\/index.php?rest_route=\/wp\/v2\/users\/1"}],"replies":[{"embeddable":true,"href":"https:\/\/kouskeol.fr\/index.php?rest_route=%2Fwp%2Fv2%2Fcomments&post=4121"}],"version-history":[{"count":4,"href":"https:\/\/kouskeol.fr\/index.php?rest_route=\/wp\/v2\/posts\/4121\/revisions"}],"predecessor-version":[{"id":4172,"href":"https:\/\/kouskeol.fr\/index.php?rest_route=\/wp\/v2\/posts\/4121\/revisions\/4172"}],"wp:attachment":[{"href":"https:\/\/kouskeol.fr\/index.php?rest_route=%2Fwp%2Fv2%2Fmedia&parent=4121"}],"wp:term":[{"taxonomy":"category","embeddable":true,"href":"https:\/\/kouskeol.fr\/index.php?rest_route=%2Fwp%2Fv2%2Fcategories&post=4121"},{"taxonomy":"post_tag","embeddable":true,"href":"https:\/\/kouskeol.fr\/index.php?rest_route=%2Fwp%2Fv2%2Ftags&post=4121"}],"curies":[{"name":"wp","href":"https:\/\/api.w.org\/{rel}","templated":true}]}}