{"id":4149,"date":"2016-08-06T07:54:22","date_gmt":"2016-08-06T06:54:22","guid":{"rendered":"http:\/\/kouskeol.fr\/?p=4149"},"modified":"2016-08-06T07:54:22","modified_gmt":"2016-08-06T06:54:22","slug":"iles-loyaute-retour-vers-noumea-27-31-juillet-2016","status":"publish","type":"post","link":"https:\/\/kouskeol.fr\/?p=4149","title":{"rendered":"\u00celes Loyaut\u00e9\u00a0: retour vers Noum\u00e9a \u2013 27-31 juillet 2016"},"content":{"rendered":"<p><b>27 juillet<\/b>\u00a0: nous quittons la marina de W\u00e9 vers treize heures, avec une m\u00e9t\u00e9o incertaine quant aux conditions de la travers\u00e9e vers le lagon sud. Le temps est couvert, une grosse d\u00e9pression plus loin vers la Nouvelle-Z\u00e9lande perturbe les flux d\u2019air. R\u00e9sultat\u00a0: nous subissons un vent du sud obligeant \u00e0 tirer des bords dans une houle relativement courte. Le bateau cogne. On a connu un confort pus serein \u00e0 l\u2019int\u00e9rieur.<\/p>\n<p>Nous d\u00e9cidons finalement de faire un stop au port de Tadine, sur Mar\u00e9, pour attendre que l\u2019aliz\u00e9 reprenne le dessus. Nous tirons encore quelques bords avant d\u2019y arriver vers une heure du matin, et nous mettons au quai des navettes, libre \u00e0 cette heure\u00a0: il sera temps d\u2019aviser demain, si n\u00e9cessaire.<\/p>\n<figure id=\"attachment_4150\" aria-describedby=\"caption-attachment-4150\" style=\"width: 300px\" class=\"wp-caption aligncenter\"><a href=\"http:\/\/kouskeol.fr\/wp-content\/uploads\/2016\/08\/Tadine.jpg\" target=\"_blank\"><img loading=\"lazy\" decoding=\"async\" class=\"wp-image-4150 size-medium\" src=\"http:\/\/kouskeol.fr\/wp-content\/uploads\/2016\/08\/Tadine-300x224.jpg\" alt=\"Tadine\" width=\"300\" height=\"224\" srcset=\"https:\/\/kouskeol.fr\/wp-content\/uploads\/2016\/08\/Tadine-300x224.jpg 300w, https:\/\/kouskeol.fr\/wp-content\/uploads\/2016\/08\/Tadine-768x574.jpg 768w, https:\/\/kouskeol.fr\/wp-content\/uploads\/2016\/08\/Tadine-1024x766.jpg 1024w, https:\/\/kouskeol.fr\/wp-content\/uploads\/2016\/08\/Tadine.jpg 1276w\" sizes=\"auto, (max-width: 300px) 100vw, 300px\" \/><\/a><figcaption id=\"caption-attachment-4150\" class=\"wp-caption-text\">Kousk Eol dans le port encombr\u00e9 de Tadine.<\/figcaption><\/figure>\n<p>Nous reprendrons la mer dans la soir\u00e9e pour arriver le lendemain matin \u00e0 l\u2019entr\u00e9 de la passe Havannah. En attendant, nous partons faire un tour vers la Baie des Tortues, que nous avions rat\u00e9 lors de notre pr\u00e9c\u00e9dent passage. Et cette fois encore, le pouce fonctionne bien.<\/p>\n<figure id=\"attachment_4151\" aria-describedby=\"caption-attachment-4151\" style=\"width: 300px\" class=\"wp-caption aligncenter\"><a href=\"http:\/\/kouskeol.fr\/wp-content\/uploads\/2016\/08\/Pouce.jpg\" target=\"_blank\"><img loading=\"lazy\" decoding=\"async\" class=\"wp-image-4151 size-medium\" src=\"http:\/\/kouskeol.fr\/wp-content\/uploads\/2016\/08\/Pouce-300x225.jpg\" alt=\"Pouce\" width=\"300\" height=\"225\" srcset=\"https:\/\/kouskeol.fr\/wp-content\/uploads\/2016\/08\/Pouce-300x225.jpg 300w, https:\/\/kouskeol.fr\/wp-content\/uploads\/2016\/08\/Pouce-768x576.jpg 768w, https:\/\/kouskeol.fr\/wp-content\/uploads\/2016\/08\/Pouce-1024x768.jpg 1024w, https:\/\/kouskeol.fr\/wp-content\/uploads\/2016\/08\/Pouce.jpg 1280w\" sizes=\"auto, (max-width: 300px) 100vw, 300px\" \/><\/a><figcaption id=\"caption-attachment-4151\" class=\"wp-caption-text\">Quand on \u00ab\u00a0fait le pouce\u00a0\u00bb, on n&rsquo;est pas forc\u00e9ment pris par une Rolls&#8230;<\/figcaption><\/figure>\n<p>La baie des Tortues porte bien son nom\u00a0: nous les voyons venir respirer \u00e0 la surface, tranquilles.<\/p>\n<figure id=\"attachment_4152\" aria-describedby=\"caption-attachment-4152\" style=\"width: 300px\" class=\"wp-caption aligncenter\"><a href=\"http:\/\/kouskeol.fr\/wp-content\/uploads\/2016\/08\/BaieTortues.jpg\" target=\"_blank\"><img loading=\"lazy\" decoding=\"async\" class=\"wp-image-4152 size-medium\" src=\"http:\/\/kouskeol.fr\/wp-content\/uploads\/2016\/08\/BaieTortues-300x225.jpg\" alt=\"BaieTortues\" width=\"300\" height=\"225\" srcset=\"https:\/\/kouskeol.fr\/wp-content\/uploads\/2016\/08\/BaieTortues-300x225.jpg 300w, https:\/\/kouskeol.fr\/wp-content\/uploads\/2016\/08\/BaieTortues-768x576.jpg 768w, https:\/\/kouskeol.fr\/wp-content\/uploads\/2016\/08\/BaieTortues-1024x768.jpg 1024w, https:\/\/kouskeol.fr\/wp-content\/uploads\/2016\/08\/BaieTortues.jpg 1278w\" sizes=\"auto, (max-width: 300px) 100vw, 300px\" \/><\/a><figcaption id=\"caption-attachment-4152\" class=\"wp-caption-text\">La baie des Tortues.<\/figcaption><\/figure>\n<p><a href=\"http:\/\/kouskeol.fr\/wp-content\/uploads\/2016\/08\/CCWG6297-1280x960.jpg\" target=\"_blank\"><img loading=\"lazy\" decoding=\"async\" class=\"aligncenter wp-image-4153 size-medium\" src=\"http:\/\/kouskeol.fr\/wp-content\/uploads\/2016\/08\/CCWG6297-1280x960-300x224.jpg\" alt=\"CCWG6297 (1280x960)\" width=\"300\" height=\"224\" srcset=\"https:\/\/kouskeol.fr\/wp-content\/uploads\/2016\/08\/CCWG6297-1280x960-300x224.jpg 300w, https:\/\/kouskeol.fr\/wp-content\/uploads\/2016\/08\/CCWG6297-1280x960-768x574.jpg 768w, https:\/\/kouskeol.fr\/wp-content\/uploads\/2016\/08\/CCWG6297-1280x960-1024x765.jpg 1024w, https:\/\/kouskeol.fr\/wp-content\/uploads\/2016\/08\/CCWG6297-1280x960.jpg 1274w\" sizes=\"auto, (max-width: 300px) 100vw, 300px\" \/><\/a><\/p>\n<p>Au bord de la plage, un petit tricot ray\u00e9 est en chasse sous-marine\u2026<\/p>\n<figure id=\"attachment_4154\" aria-describedby=\"caption-attachment-4154\" style=\"width: 300px\" class=\"wp-caption aligncenter\"><a href=\"http:\/\/kouskeol.fr\/wp-content\/uploads\/2016\/08\/TricotRaye.jpg\" target=\"_blank\"><img loading=\"lazy\" decoding=\"async\" class=\"wp-image-4154 size-medium\" src=\"http:\/\/kouskeol.fr\/wp-content\/uploads\/2016\/08\/TricotRaye-300x225.jpg\" alt=\"TricotRaye\" width=\"300\" height=\"225\" srcset=\"https:\/\/kouskeol.fr\/wp-content\/uploads\/2016\/08\/TricotRaye-300x225.jpg 300w, https:\/\/kouskeol.fr\/wp-content\/uploads\/2016\/08\/TricotRaye-768x576.jpg 768w, https:\/\/kouskeol.fr\/wp-content\/uploads\/2016\/08\/TricotRaye-1024x768.jpg 1024w, https:\/\/kouskeol.fr\/wp-content\/uploads\/2016\/08\/TricotRaye.jpg 1276w\" sizes=\"auto, (max-width: 300px) 100vw, 300px\" \/><\/a><figcaption id=\"caption-attachment-4154\" class=\"wp-caption-text\">Pull St James sans manches&#8230;<\/figcaption><\/figure>\n<p>Au retour, pouce \u00e0 nouveau, et un pick-up s\u2019arr\u00eate\u00a0:\u00a0\u00ab\u00a0Vous allez \u00e0 Tadine\u00a0? Montez\u00a0! Et excusez-moi\u00a0: je suis un peu \u00e9m\u00e9ch\u00e9\u2026\u00a0\u00bb. Effectivement, notre chauffeur a l\u2019haleine un peu charg\u00e9e, qui ne sent pas que la pomme. Mais il conduit doucement et tout se passe bien.<\/p>\n<p><b>29 juillet<\/b>\u00a0: nous partons en milieu de nuit pour couvrir les soixante milles avant la passe, et y arriver de jour \u00e0 mar\u00e9e montante. La mer est relativement calme, mais le vent encore plus\u00a0: la travers\u00e9e se fait au moteur. \u00c7a arrive, des fois\u2026<\/p>\n<p>La passe Havannah est franchie vers dix heures, tranquillement, et nous voici \u00e0 nouveau dans l\u2019immense lagon sud. Nous cherchons un mouillage pour la journ\u00e9e, mollement car le temps est couvert. Quand soudain la vigie s\u2019\u00e9poumone\u00a0: \u00ab\u00a0Elle souffle\u00a0!\u00a0\u00bb. \u00c0 deux milles au sud, quelques voiliers au moteur tournent en rond, et aux jumelles, une queue se l\u00e8ve.<\/p>\n<p><a href=\"http:\/\/kouskeol.fr\/wp-content\/uploads\/2016\/08\/Vigie.jpg\" target=\"_blank\"><img loading=\"lazy\" decoding=\"async\" class=\"aligncenter wp-image-4155 size-medium\" src=\"http:\/\/kouskeol.fr\/wp-content\/uploads\/2016\/08\/Vigie-300x221.jpg\" alt=\"Vigie\" width=\"300\" height=\"221\" srcset=\"https:\/\/kouskeol.fr\/wp-content\/uploads\/2016\/08\/Vigie-300x221.jpg 300w, https:\/\/kouskeol.fr\/wp-content\/uploads\/2016\/08\/Vigie-768x565.jpg 768w, https:\/\/kouskeol.fr\/wp-content\/uploads\/2016\/08\/Vigie-1024x754.jpg 1024w, https:\/\/kouskeol.fr\/wp-content\/uploads\/2016\/08\/Vigie.jpg 1250w\" sizes=\"auto, (max-width: 300px) 100vw, 300px\" \/><\/a><\/p>\n<p>Mais dis donc, l\u00e0, ne serait-ce pas un groupe de ces m\u00e9gapt\u00e8res mystic\u00e8tes surpris dans leur \u00e9pop\u00e9e migratoire et parturiente\u00a0? Myst\u00e8re\u00a0: quand nous arrivons sur place, plus rien. Eau plus plate et sans remous que l\u00a0&lsquo;enc\u00e9phalogramme d\u2019un supporter de l\u2019OM<a class=\"sdfootnoteanc\" href=\"#sdfootnote1sym\" name=\"sdfootnote1anc\"><sup>1<\/sup><\/a> en pleine possession de ses moyens. Vide int\u00e9gral. Encore une fois, le syndicat d\u2019initiative n\u2019a pas bien fait son boulot. C\u00f4t\u00e9 contrat pour Cathy et MarieJo, ce ne sera d\u00e9finitivement pas un sans-faute\u2026<\/p>\n<p>Mais ce serait sans compter sur la bienveillante mansu\u00e9tude de ces placides mammif\u00e8res\u00a0: ayant per\u00e7u notre d\u00e9tresse profonde, voila t-y pas qu\u2019un petit groupe de baleines \u00e0 bosse \u00e9merge devant Kousk Eol\u00a0? Et que je te refais le coup du jet d\u2019eau, de la queue qui se l\u00e8ve, du dos rond\u2026 Mais bon, nos \u00e9pouses semblent satisfaites, donc nous aussi.<\/p>\n<p><a href=\"http:\/\/kouskeol.fr\/wp-content\/uploads\/2016\/08\/CCK55496-1280x848.jpg\" target=\"_blank\"><img loading=\"lazy\" decoding=\"async\" class=\"aligncenter wp-image-4156 size-medium\" src=\"http:\/\/kouskeol.fr\/wp-content\/uploads\/2016\/08\/CCK55496-1280x848-300x198.jpg\" alt=\"CCK55496 (1280x848)\" width=\"300\" height=\"198\" srcset=\"https:\/\/kouskeol.fr\/wp-content\/uploads\/2016\/08\/CCK55496-1280x848-300x198.jpg 300w, https:\/\/kouskeol.fr\/wp-content\/uploads\/2016\/08\/CCK55496-1280x848-768x507.jpg 768w, https:\/\/kouskeol.fr\/wp-content\/uploads\/2016\/08\/CCK55496-1280x848-1024x676.jpg 1024w, https:\/\/kouskeol.fr\/wp-content\/uploads\/2016\/08\/CCK55496-1280x848.jpg 1276w\" sizes=\"auto, (max-width: 300px) 100vw, 300px\" \/><\/a><\/p>\n<p><a href=\"http:\/\/kouskeol.fr\/wp-content\/uploads\/2016\/08\/CCK55522-2-1280x833.jpg\" target=\"_blank\"><img loading=\"lazy\" decoding=\"async\" class=\"aligncenter wp-image-4157 size-medium\" src=\"http:\/\/kouskeol.fr\/wp-content\/uploads\/2016\/08\/CCK55522-2-1280x833-300x195.jpg\" alt=\"CCK55522 (2) (1280x833)\" width=\"300\" height=\"195\" srcset=\"https:\/\/kouskeol.fr\/wp-content\/uploads\/2016\/08\/CCK55522-2-1280x833-300x195.jpg 300w, https:\/\/kouskeol.fr\/wp-content\/uploads\/2016\/08\/CCK55522-2-1280x833-768x500.jpg 768w, https:\/\/kouskeol.fr\/wp-content\/uploads\/2016\/08\/CCK55522-2-1280x833-1024x666.jpg 1024w, https:\/\/kouskeol.fr\/wp-content\/uploads\/2016\/08\/CCK55522-2-1280x833.jpg 1280w\" sizes=\"auto, (max-width: 300px) 100vw, 300px\" \/><\/a><\/p>\n<p><a href=\"http:\/\/kouskeol.fr\/wp-content\/uploads\/2016\/08\/CCK55523-2-1280x830.jpg\" target=\"_blank\"><img loading=\"lazy\" decoding=\"async\" class=\"aligncenter wp-image-4158 size-medium\" src=\"http:\/\/kouskeol.fr\/wp-content\/uploads\/2016\/08\/CCK55523-2-1280x830-300x195.jpg\" alt=\"CCK55523 (2) (1280x830)\" width=\"300\" height=\"195\" srcset=\"https:\/\/kouskeol.fr\/wp-content\/uploads\/2016\/08\/CCK55523-2-1280x830-300x195.jpg 300w, https:\/\/kouskeol.fr\/wp-content\/uploads\/2016\/08\/CCK55523-2-1280x830-768x498.jpg 768w, https:\/\/kouskeol.fr\/wp-content\/uploads\/2016\/08\/CCK55523-2-1280x830-1024x664.jpg 1024w, https:\/\/kouskeol.fr\/wp-content\/uploads\/2016\/08\/CCK55523-2-1280x830.jpg 1280w\" sizes=\"auto, (max-width: 300px) 100vw, 300px\" \/><\/a><\/p>\n<p><a href=\"http:\/\/kouskeol.fr\/wp-content\/uploads\/2016\/08\/CCK55524-2-1280x831.jpg\" target=\"_blank\"><img loading=\"lazy\" decoding=\"async\" class=\"aligncenter wp-image-4159 size-medium\" src=\"http:\/\/kouskeol.fr\/wp-content\/uploads\/2016\/08\/CCK55524-2-1280x831-300x195.jpg\" alt=\"CCK55524 (2) (1280x831)\" width=\"300\" height=\"195\" srcset=\"https:\/\/kouskeol.fr\/wp-content\/uploads\/2016\/08\/CCK55524-2-1280x831-300x195.jpg 300w, https:\/\/kouskeol.fr\/wp-content\/uploads\/2016\/08\/CCK55524-2-1280x831-768x499.jpg 768w, https:\/\/kouskeol.fr\/wp-content\/uploads\/2016\/08\/CCK55524-2-1280x831-1024x665.jpg 1024w, https:\/\/kouskeol.fr\/wp-content\/uploads\/2016\/08\/CCK55524-2-1280x831.jpg 1280w\" sizes=\"auto, (max-width: 300px) 100vw, 300px\" \/><\/a><\/p>\n<p>Pas loin se trouve l\u2019\u00eelot Mato\u00a0: c\u2019est l\u00e0 que nous ferons un dernier mouillage avant Noum\u00e9a. Mouillage tranquille au milieu des coraux.<\/p>\n<figure id=\"attachment_4160\" aria-describedby=\"caption-attachment-4160\" style=\"width: 300px\" class=\"wp-caption aligncenter\"><a href=\"http:\/\/kouskeol.fr\/wp-content\/uploads\/2016\/08\/CCWG6319-1280x960.jpg\" target=\"_blank\"><img loading=\"lazy\" decoding=\"async\" class=\"wp-image-4160 size-medium\" src=\"http:\/\/kouskeol.fr\/wp-content\/uploads\/2016\/08\/CCWG6319-1280x960-300x224.jpg\" alt=\"CCWG6319 (1280x960)\" width=\"300\" height=\"224\" srcset=\"https:\/\/kouskeol.fr\/wp-content\/uploads\/2016\/08\/CCWG6319-1280x960-300x224.jpg 300w, https:\/\/kouskeol.fr\/wp-content\/uploads\/2016\/08\/CCWG6319-1280x960-768x574.jpg 768w, https:\/\/kouskeol.fr\/wp-content\/uploads\/2016\/08\/CCWG6319-1280x960-1024x766.jpg 1024w, https:\/\/kouskeol.fr\/wp-content\/uploads\/2016\/08\/CCWG6319-1280x960.jpg 1278w\" sizes=\"auto, (max-width: 300px) 100vw, 300px\" \/><\/a><figcaption id=\"caption-attachment-4160\" class=\"wp-caption-text\">D\u00e9sol\u00e9, mais c&rsquo;est comme \u00e7a&#8230;<\/figcaption><\/figure>\n<p>Le sommet de l\u2019\u00eelot est gravi par un bon sentier, et offre une superbe vue sur le lagon.<\/p>\n<p><a href=\"http:\/\/kouskeol.fr\/wp-content\/uploads\/2016\/08\/CCWG6313-1280x960.jpg\" target=\"_blank\"><img loading=\"lazy\" decoding=\"async\" class=\"aligncenter wp-image-4161 size-medium\" src=\"http:\/\/kouskeol.fr\/wp-content\/uploads\/2016\/08\/CCWG6313-1280x960-300x225.jpg\" alt=\"CCWG6313 (1280x960)\" width=\"300\" height=\"225\" srcset=\"https:\/\/kouskeol.fr\/wp-content\/uploads\/2016\/08\/CCWG6313-1280x960-300x225.jpg 300w, https:\/\/kouskeol.fr\/wp-content\/uploads\/2016\/08\/CCWG6313-1280x960-768x576.jpg 768w, https:\/\/kouskeol.fr\/wp-content\/uploads\/2016\/08\/CCWG6313-1280x960-1024x768.jpg 1024w, https:\/\/kouskeol.fr\/wp-content\/uploads\/2016\/08\/CCWG6313-1280x960.jpg 1280w\" sizes=\"auto, (max-width: 300px) 100vw, 300px\" \/><\/a><\/p>\n<p>Un tricot ray\u00e9 vient un peu g\u00e2cher la s\u00e9r\u00e9nit\u00e9\u00a0: on fait un peu plus attention o\u00f9 on met les pieds \u00e0 la redescente\u2026<\/p>\n<p><a href=\"http:\/\/kouskeol.fr\/wp-content\/uploads\/2016\/08\/TricoRaye.jpg\" target=\"_blank\"><img loading=\"lazy\" decoding=\"async\" class=\"aligncenter wp-image-4162 size-medium\" src=\"http:\/\/kouskeol.fr\/wp-content\/uploads\/2016\/08\/TricoRaye-300x225.jpg\" alt=\"TricoRaye\" width=\"300\" height=\"225\" srcset=\"https:\/\/kouskeol.fr\/wp-content\/uploads\/2016\/08\/TricoRaye-300x225.jpg 300w, https:\/\/kouskeol.fr\/wp-content\/uploads\/2016\/08\/TricoRaye-768x576.jpg 768w, https:\/\/kouskeol.fr\/wp-content\/uploads\/2016\/08\/TricoRaye-1024x768.jpg 1024w, https:\/\/kouskeol.fr\/wp-content\/uploads\/2016\/08\/TricoRaye.jpg 1280w\" sizes=\"auto, (max-width: 300px) 100vw, 300px\" \/><\/a><\/p>\n<p>De retour sur la plage, ce sont deux traces de ces serpents que nous distinguons, se dirigeant vers la mer.<\/p>\n<p><a href=\"http:\/\/kouskeol.fr\/wp-content\/uploads\/2016\/08\/TraceTricot.jpg\" target=\"_blank\"><img loading=\"lazy\" decoding=\"async\" class=\"aligncenter wp-image-4163 size-medium\" src=\"http:\/\/kouskeol.fr\/wp-content\/uploads\/2016\/08\/TraceTricot-300x225.jpg\" alt=\"TraceTricot\" width=\"300\" height=\"225\" srcset=\"https:\/\/kouskeol.fr\/wp-content\/uploads\/2016\/08\/TraceTricot-300x225.jpg 300w, https:\/\/kouskeol.fr\/wp-content\/uploads\/2016\/08\/TraceTricot-768x576.jpg 768w, https:\/\/kouskeol.fr\/wp-content\/uploads\/2016\/08\/TraceTricot-1024x768.jpg 1024w, https:\/\/kouskeol.fr\/wp-content\/uploads\/2016\/08\/TraceTricot.jpg 1280w\" sizes=\"auto, (max-width: 300px) 100vw, 300px\" \/><\/a><\/p>\n<p>Petit coup de masque et tuba avant de retourner \u00e0 bord\u00a0: le corail est exceptionnel, multicolore et en pleine forme, ainsi que les myriades de poissons.<\/p>\n<p><a href=\"http:\/\/kouskeol.fr\/wp-content\/uploads\/2016\/08\/CCWG6321-1280x960.jpg\" target=\"_blank\"><img loading=\"lazy\" decoding=\"async\" class=\"aligncenter wp-image-4164 size-medium\" src=\"http:\/\/kouskeol.fr\/wp-content\/uploads\/2016\/08\/CCWG6321-1280x960-300x225.jpg\" alt=\"CCWG6321 (1280x960)\" width=\"300\" height=\"225\" srcset=\"https:\/\/kouskeol.fr\/wp-content\/uploads\/2016\/08\/CCWG6321-1280x960-300x225.jpg 300w, https:\/\/kouskeol.fr\/wp-content\/uploads\/2016\/08\/CCWG6321-1280x960-768x576.jpg 768w, https:\/\/kouskeol.fr\/wp-content\/uploads\/2016\/08\/CCWG6321-1280x960-1024x768.jpg 1024w, https:\/\/kouskeol.fr\/wp-content\/uploads\/2016\/08\/CCWG6321-1280x960.jpg 1280w\" sizes=\"auto, (max-width: 300px) 100vw, 300px\" \/><\/a> <a href=\"http:\/\/kouskeol.fr\/wp-content\/uploads\/2016\/08\/CCWG6330-1280x960-2.jpg\" target=\"_blank\"><img loading=\"lazy\" decoding=\"async\" class=\"aligncenter wp-image-4165 size-medium\" src=\"http:\/\/kouskeol.fr\/wp-content\/uploads\/2016\/08\/CCWG6330-1280x960-2-300x222.jpg\" alt=\"CCWG6330 (1280x960) (2)\" width=\"300\" height=\"222\" srcset=\"https:\/\/kouskeol.fr\/wp-content\/uploads\/2016\/08\/CCWG6330-1280x960-2-300x222.jpg 300w, https:\/\/kouskeol.fr\/wp-content\/uploads\/2016\/08\/CCWG6330-1280x960-2-768x567.jpg 768w, https:\/\/kouskeol.fr\/wp-content\/uploads\/2016\/08\/CCWG6330-1280x960-2-1024x757.jpg 1024w, https:\/\/kouskeol.fr\/wp-content\/uploads\/2016\/08\/CCWG6330-1280x960-2.jpg 1256w\" sizes=\"auto, (max-width: 300px) 100vw, 300px\" \/><\/a> <a href=\"http:\/\/kouskeol.fr\/wp-content\/uploads\/2016\/08\/CCWG6334-1280x960.jpg\" target=\"_blank\"><img loading=\"lazy\" decoding=\"async\" class=\"aligncenter wp-image-4166 size-medium\" src=\"http:\/\/kouskeol.fr\/wp-content\/uploads\/2016\/08\/CCWG6334-1280x960-300x225.jpg\" alt=\"CCWG6334 (1280x960)\" width=\"300\" height=\"225\" srcset=\"https:\/\/kouskeol.fr\/wp-content\/uploads\/2016\/08\/CCWG6334-1280x960-300x225.jpg 300w, https:\/\/kouskeol.fr\/wp-content\/uploads\/2016\/08\/CCWG6334-1280x960-768x576.jpg 768w, https:\/\/kouskeol.fr\/wp-content\/uploads\/2016\/08\/CCWG6334-1280x960-1024x768.jpg 1024w, https:\/\/kouskeol.fr\/wp-content\/uploads\/2016\/08\/CCWG6334-1280x960.jpg 1280w\" sizes=\"auto, (max-width: 300px) 100vw, 300px\" \/><\/a> <a href=\"http:\/\/kouskeol.fr\/wp-content\/uploads\/2016\/08\/CCWG6337-1280x960.jpg\" target=\"_blank\"><img loading=\"lazy\" decoding=\"async\" class=\"aligncenter wp-image-4167 size-medium\" src=\"http:\/\/kouskeol.fr\/wp-content\/uploads\/2016\/08\/CCWG6337-1280x960-300x225.jpg\" alt=\"CCWG6337 (1280x960)\" width=\"300\" height=\"225\" srcset=\"https:\/\/kouskeol.fr\/wp-content\/uploads\/2016\/08\/CCWG6337-1280x960-300x225.jpg 300w, https:\/\/kouskeol.fr\/wp-content\/uploads\/2016\/08\/CCWG6337-1280x960-768x576.jpg 768w, https:\/\/kouskeol.fr\/wp-content\/uploads\/2016\/08\/CCWG6337-1280x960-1024x768.jpg 1024w, https:\/\/kouskeol.fr\/wp-content\/uploads\/2016\/08\/CCWG6337-1280x960.jpg 1280w\" sizes=\"auto, (max-width: 300px) 100vw, 300px\" \/><\/a><\/p>\n<p>Puis nous levons l\u2019ancre pour Noum\u00e9a \u00e0 environ vingt-cinq milles, au largue avec un petit z\u00e9phyr \u00e0 une dizaine de n\u0153uds sur une mer plate. Z\u00e9phyr qui d\u00e9cide finalement de se la couler nonchalamment tropicale, obligeant \u00e0 sortir Volvo de la torpeur dans laquelle il s\u2019\u00e9tait coul\u00e9.<\/p>\n<p>Et un peu avant dix-sept heures, nous voici \u00e0 nouveau dans la marina de Port Moselle, au c\u0153ur de Noum\u00e9a\u2026 c<\/p>\n<p>Pour conclure ce p\u00e9riple, je r\u00e9sume par un petit bilan de ces trois semaines\u00a0:<\/p>\n<p>\u221a \u2013 <span style=\"font-family: 'Liberation Serif', serif;\"><span style=\"font-family: 'Liberation Serif', serif;\">\u00ee<\/span>le des Pins<\/span><\/p>\n<p>\u221a \u2013 <span style=\"font-family: 'Liberation Serif', serif;\">\u00eeles Loyaut\u00e9\u00a0: Mar\u00e9 et Lifou<\/span><\/p>\n<p>\u221a \u2013 <span style=\"font-family: 'Liberation Serif', serif;\">masque et tuba au milieu des jolis coraux et des multicolores poissons<\/span><\/p>\n<p>\u221a \u2013 <span style=\"font-family: 'Liberation Serif', serif;\">ascension du vertigineux point culminant de l\u2019\u00eele des Pins<\/span><\/p>\n<p>\u221a \u2013 <span style=\"font-family: 'Liberation Serif', serif;\">visite de la case coutumi\u00e8re d\u2019un grand chef<\/span><\/p>\n<p>\u221a \u2013 <span style=\"font-family: 'Liberation Serif', serif;\">pouce sur les \u00eeles<\/span><\/p>\n<p>\u221a \u2013 <span style=\"font-family: 'Liberation Serif', serif;\">tortues<\/span><\/p>\n<p>\u221a \u2013 <span style=\"font-family: 'Liberation Serif', serif;\">travers\u00e9es confortablement rythm\u00e9es par la houle profonde du Pacifique Sud<a class=\"sdfootnoteanc\" href=\"#sdfootnote2sym\" name=\"sdfootnote2anc\"><sup>2<\/sup><\/a><\/span><\/p>\n<p>\u221a \u2013 <span style=\"font-family: 'Liberation Serif', serif;\">curry de crevettes de la grande \u00eele<\/span><\/p>\n<p>\u221a \u2013 <span style=\"font-family: 'Liberation Serif', serif;\">et finalement\u00a0: baleines\u00a0!<\/span><\/p>\n<p>\u221a \u2013 <span style=\"font-family: 'Liberation Serif', serif;\">puis tout ce que j\u2019ai zapp\u00e9\u2026<\/span><\/p>\n<p>\u2014\u00a0<span style=\"font-family: 'Liberation Serif', serif;\">distribution des coupons pour la coutume\u00a0: <\/span><span style=\"font-family: 'Liberation Serif', serif;\">ratage complet<\/span><\/p>\n<h3 class=\"western\">Et la coutume, dans tout \u00e7a\u00a0?<\/h3>\n<p>Tous les guides touristiques, et les personnes bien inform\u00e9es, vous le diront\u00a0: en Nouvelle-Cal\u00e9donie, les traditions restent tr\u00e8s pr\u00e9sentes, et il est de la plus haute importance d\u2019honorer le chef de la tribu o\u00f9 vos voiles vont conduiront. \u00c7a s\u2019appelle \u00ab\u00a0faire la coutume\u00a0\u00bb. Et c\u2019est apparemment tr\u00e8s codifi\u00e9\u00a0: \u00e0 Noum\u00e9a, le quartier asiatique regorge de boutiques vendant des coupons de tissus, et le bureau de tabac du coin vous \u00e9changera contre quelques CFP<a class=\"sdfootnoteanc\" href=\"#sdfootnote3sym\" name=\"sdfootnote3anc\"><sup>3<\/sup><\/a> du tabac \u00e0 rouler, soit disant base de cette coutume, \u00e0 pr\u00e9senter au chef.<\/p>\n<p>Notre minuscule exp\u00e9rience acquise sur les trois \u00eeles visit\u00e9es nous font nous poser la question\u00a0: tout ceci n\u2019est il pas une belle histoire pour permettre aux touristes de raconter de charmantes chroniques \u00e0 leurs amis \u00e9bahis, voire leurs cr\u00e9dules petits-enfants\u00a0? Nulle part nous n\u2019avons eu \u00e0 distribuer les coupons achet\u00e9s. Quand nous arrivions dans une tribu, tr\u00e8s vite une discussion s\u2019engageait avec les personnes pr\u00e9sentes, tr\u00e8s contentes en g\u00e9n\u00e9ral de nous pr\u00e9senter les attraits de leur r\u00e9gion, nous raconter leur histoire et leurs traditions, voire nous inviter \u00e0 partager leur repas lors de f\u00eates. Et chaque fois, la r\u00e9ponse \u00e9tait la m\u00eame\u00a0: \u00ab\u00a0Faire la coutume\u00a0? Pas n\u00e9cessaire\u00a0! On a discut\u00e9, c\u2019est bon. Je connais le chef (Ou alors\u00a0: je suis le chef). Vous pouvez visiter.\u00a0\u00bb. Les seules contraintes \u00e9taient de ne pas prendre de photos de sites tabous.<\/p>\n<p>Partout, \u00e0 une exception pr\u00e8s, l\u2019accueil \u00e9tait tr\u00e8s chaleureux, et l\u2019envie de discuter, accueillir et partager ind\u00e9niable. Et tous les Kanaks rencontr\u00e9s \u00e9taient unanimes\u00a0: il est tr\u00e8s important pour eux que le visiteur soit bien accueilli.<\/p>\n<p>Loin de l\u2019image qui est parfois donn\u00e9e des Kanaks. Mais notre exp\u00e9rience n\u2019inclut pas la Grande Terre, o\u00f9 apparemment les relations souvent tendues avec les Caldoches sont sources de conflits et de rejet des descendants des colonisateurs. Les Wallisiens (et Futuniens), plus nombreux ici qu\u2019\u00e0 Wallis et troisi\u00e8me communaut\u00e9 de l\u2019\u00eele, ne sont pas toujours bien vus des Kanaks non plus, \u00e0 cause de leurs positions loyalistes. Du coup, le besoin d\u2019affirmer ses origines et d\u00e9fendre ses croyances est probablement plus fort qu\u2019ailleurs. Mais ce que j\u2019en dis, moi\u2026<\/p>\n<div id=\"sdfootnote1\">\n<p class=\"sdfootnote\">___________________<a class=\"sdfootnotesym\" href=\"#sdfootnote1anc\" name=\"sdfootnote1sym\"><br \/>\n<em>1<\/em><\/a><em>&#8211;\u00a0Ou du PSG.<\/em><\/p>\n<\/div>\n<div id=\"sdfootnote2\">\n<p class=\"sdfootnote\"><em><a class=\"sdfootnotesym\" href=\"#sdfootnote2anc\" name=\"sdfootnote2sym\">2<\/a>&#8211;\u00a0Bon, l\u00e0, on me dit qu\u2019il faudrait voir \u00e0 tout de m\u00eame pas exag\u00e9rer.<\/em><\/p>\n<\/div>\n<div id=\"sdfootnote3\">\n<p class=\"sdfootnote\"><em><a class=\"sdfootnotesym\" href=\"#sdfootnote3anc\" name=\"sdfootnote3sym\">3<\/a>&#8211;\u00a0Le franc polyn\u00e9sien.<\/em><\/p>\n<\/div>\n","protected":false},"excerpt":{"rendered":"<p>27 juillet\u00a0: nous quittons la marina de W\u00e9 vers treize heures, avec une m\u00e9t\u00e9o incertaine quant aux conditions de la travers\u00e9e vers le lagon sud. Le temps est couvert, une grosse d\u00e9pression plus loin vers la Nouvelle-Z\u00e9lande perturbe les flux d\u2019air. R\u00e9sultat\u00a0: nous subissons un vent du sud obligeant \u00e0 tirer des bords dans une &hellip; <a href=\"https:\/\/kouskeol.fr\/?p=4149\" class=\"more-link\">Continuer la lecture de <span class=\"screen-reader-text\">\u00celes Loyaut\u00e9\u00a0: retour vers Noum\u00e9a \u2013 27-31 juillet 2016<\/span>  <span class=\"meta-nav\">&rarr;<\/span><\/a><\/p>\n","protected":false},"author":1,"featured_media":0,"comment_status":"open","ping_status":"open","sticky":false,"template":"","format":"standard","meta":{"ngg_post_thumbnail":0,"footnotes":""},"categories":[8,55],"tags":[],"class_list":["post-4149","post","type-post","status-publish","format-standard","hentry","category-voyage","category-pacifique"],"_links":{"self":[{"href":"https:\/\/kouskeol.fr\/index.php?rest_route=\/wp\/v2\/posts\/4149","targetHints":{"allow":["GET"]}}],"collection":[{"href":"https:\/\/kouskeol.fr\/index.php?rest_route=\/wp\/v2\/posts"}],"about":[{"href":"https:\/\/kouskeol.fr\/index.php?rest_route=\/wp\/v2\/types\/post"}],"author":[{"embeddable":true,"href":"https:\/\/kouskeol.fr\/index.php?rest_route=\/wp\/v2\/users\/1"}],"replies":[{"embeddable":true,"href":"https:\/\/kouskeol.fr\/index.php?rest_route=%2Fwp%2Fv2%2Fcomments&post=4149"}],"version-history":[{"count":1,"href":"https:\/\/kouskeol.fr\/index.php?rest_route=\/wp\/v2\/posts\/4149\/revisions"}],"predecessor-version":[{"id":4168,"href":"https:\/\/kouskeol.fr\/index.php?rest_route=\/wp\/v2\/posts\/4149\/revisions\/4168"}],"wp:attachment":[{"href":"https:\/\/kouskeol.fr\/index.php?rest_route=%2Fwp%2Fv2%2Fmedia&parent=4149"}],"wp:term":[{"taxonomy":"category","embeddable":true,"href":"https:\/\/kouskeol.fr\/index.php?rest_route=%2Fwp%2Fv2%2Fcategories&post=4149"},{"taxonomy":"post_tag","embeddable":true,"href":"https:\/\/kouskeol.fr\/index.php?rest_route=%2Fwp%2Fv2%2Ftags&post=4149"}],"curies":[{"name":"wp","href":"https:\/\/api.w.org\/{rel}","templated":true}]}}