{"id":4176,"date":"2016-08-07T13:24:57","date_gmt":"2016-08-07T12:24:57","guid":{"rendered":"http:\/\/kouskeol.fr\/?p=4176"},"modified":"2016-08-08T23:56:28","modified_gmt":"2016-08-08T22:56:28","slug":"relation-du-petit-tour-sur-la-grande-terre-1-4-aout-2016","status":"publish","type":"post","link":"https:\/\/kouskeol.fr\/?p=4176","title":{"rendered":"Relation du petit tour sur la Grande Terre \u2013 1-4 ao\u00fbt 2016"},"content":{"rendered":"<p>Les \u00eeles et le lagon, c\u2019est beau, voire magnifique. C\u2019est un fait acquis. On ne va pas revenir l\u00e0-dessus. Rappelez-vous\u00a0: la Nouvelle-Cal\u00e9donie a le plus grand lagon du monde, et le deuxi\u00e8me r\u00e9cif corallien le plus long. Ne chipotons pas. Lalal\u00e8re.<\/p>\n<p>Mais la Grande Terre, alors\u00a0? Ben on loue une voiture et on va voir\u2026 Et on vous raconte, avec la subjectivit\u00e9 impartiale et l\u2019exhaustive incompl\u00e9tude qui nous caract\u00e9rise. La grande \u00eele de Nouvelle-Cal\u00e9donie fait quatre cents kilom\u00e8tres de long\u00a0: encore une fois, il va falloir \u00eatre s\u00e9lectif sur les spots \u00e0 visiter. Nous partons de Noum\u00e9a par la c\u00f4te ouest, le pays des \u00e9levages et des cow-boys caldoches. Une tr\u00e8s bonne route nous emm\u00e8ne vers le nord, longeant d\u2019immenses prairies et leurs exploitations, fermes souvent isol\u00e9es, avec le lagon d\u2019un c\u00f4t\u00e9 et la cr\u00eate des montagnes de l\u2019autre. Tout du pays de pioniers.<\/p>\n<p>Le littoral laisse pr\u00e9sager de belles plages. Nous passons par la presqu\u2019\u00eele de Ouano pour v\u00e9rifier. Pas compliqu\u00e9\u00a0: c\u2019est tout simplement magnifique.\u00a0Puis nous continuons vers le petit village de La Foa, o\u00f9 se trouve la passerelle Marguerite construite par des admirateurs de Eiffel.<\/p>\n<p><a href=\"http:\/\/kouskeol.fr\/wp-content\/uploads\/2016\/08\/CCWG6347-1280x960.jpg\" target=\"_blank\"><img loading=\"lazy\" decoding=\"async\" class=\"aligncenter wp-image-4177 size-medium\" src=\"http:\/\/kouskeol.fr\/wp-content\/uploads\/2016\/08\/CCWG6347-1280x960-300x225.jpg\" alt=\"CCWG6347 (1280x960)\" width=\"300\" height=\"225\" srcset=\"https:\/\/kouskeol.fr\/wp-content\/uploads\/2016\/08\/CCWG6347-1280x960-300x225.jpg 300w, https:\/\/kouskeol.fr\/wp-content\/uploads\/2016\/08\/CCWG6347-1280x960-768x576.jpg 768w, https:\/\/kouskeol.fr\/wp-content\/uploads\/2016\/08\/CCWG6347-1280x960-1024x768.jpg 1024w, https:\/\/kouskeol.fr\/wp-content\/uploads\/2016\/08\/CCWG6347-1280x960.jpg 1280w\" sizes=\"auto, (max-width: 300px) 100vw, 300px\" \/><\/a><\/p>\n<p>Nous mangeons dans le restaurant d\u2019un vieil h\u00f4tel du \u00ab\u00a0centre\u00a0\u00bb\u00a0: la viande de b\u0153uf local est excellente et les portions ne sont pas \u00e9triqu\u00e9es\u00a0! Le bar \u00e0 l\u00a0&lsquo;entr\u00e9e est d\u00e9cor\u00e9 de centaines de casquettes au plafond\u2026<\/p>\n<p><a href=\"http:\/\/kouskeol.fr\/wp-content\/uploads\/2016\/08\/CCWG6348-1280x960.jpg\" target=\"_blank\"><img loading=\"lazy\" decoding=\"async\" class=\"aligncenter wp-image-4178 size-medium\" src=\"http:\/\/kouskeol.fr\/wp-content\/uploads\/2016\/08\/CCWG6348-1280x960-300x225.jpg\" alt=\"CCWG6348 (1280x960)\" width=\"300\" height=\"225\" srcset=\"https:\/\/kouskeol.fr\/wp-content\/uploads\/2016\/08\/CCWG6348-1280x960-300x225.jpg 300w, https:\/\/kouskeol.fr\/wp-content\/uploads\/2016\/08\/CCWG6348-1280x960-768x576.jpg 768w, https:\/\/kouskeol.fr\/wp-content\/uploads\/2016\/08\/CCWG6348-1280x960-1024x768.jpg 1024w, https:\/\/kouskeol.fr\/wp-content\/uploads\/2016\/08\/CCWG6348-1280x960.jpg 1280w\" sizes=\"auto, (max-width: 300px) 100vw, 300px\" \/><\/a> <a href=\"http:\/\/kouskeol.fr\/wp-content\/uploads\/2016\/08\/CCWG6349-1280x960.jpg\" target=\"_blank\"><img loading=\"lazy\" decoding=\"async\" class=\"aligncenter wp-image-4179 size-medium\" src=\"http:\/\/kouskeol.fr\/wp-content\/uploads\/2016\/08\/CCWG6349-1280x960-300x225.jpg\" alt=\"CCWG6349 (1280x960)\" width=\"300\" height=\"225\" srcset=\"https:\/\/kouskeol.fr\/wp-content\/uploads\/2016\/08\/CCWG6349-1280x960-300x225.jpg 300w, https:\/\/kouskeol.fr\/wp-content\/uploads\/2016\/08\/CCWG6349-1280x960-768x576.jpg 768w, https:\/\/kouskeol.fr\/wp-content\/uploads\/2016\/08\/CCWG6349-1280x960-1024x768.jpg 1024w, https:\/\/kouskeol.fr\/wp-content\/uploads\/2016\/08\/CCWG6349-1280x960.jpg 1280w\" sizes=\"auto, (max-width: 300px) 100vw, 300px\" \/><\/a><\/p>\n<p>L\u2019estomac plein, nous prenons une petite route qui nous m\u00e8ne au parc des Grandes Foug\u00e8res sur les hauteurs, o\u00f9 nous ferons une balade au milieu d\u2019une v\u00e9g\u00e9tation extraordinaire.<\/p>\n<figure id=\"attachment_4185\" aria-describedby=\"caption-attachment-4185\" style=\"width: 300px\" class=\"wp-caption aligncenter\"><a href=\"http:\/\/kouskeol.fr\/wp-content\/uploads\/2016\/08\/CCWG6358-1280x960.jpg\" target=\"_blank\"><img loading=\"lazy\" decoding=\"async\" class=\"wp-image-4185 size-medium\" src=\"http:\/\/kouskeol.fr\/wp-content\/uploads\/2016\/08\/CCWG6358-1280x960-300x225.jpg\" alt=\"CCWG6358 (1280x960)\" width=\"300\" height=\"225\" srcset=\"https:\/\/kouskeol.fr\/wp-content\/uploads\/2016\/08\/CCWG6358-1280x960-300x225.jpg 300w, https:\/\/kouskeol.fr\/wp-content\/uploads\/2016\/08\/CCWG6358-1280x960-768x576.jpg 768w, https:\/\/kouskeol.fr\/wp-content\/uploads\/2016\/08\/CCWG6358-1280x960-1024x768.jpg 1024w, https:\/\/kouskeol.fr\/wp-content\/uploads\/2016\/08\/CCWG6358-1280x960.jpg 1280w\" sizes=\"auto, (max-width: 300px) 100vw, 300px\" \/><\/a><figcaption id=\"caption-attachment-4185\" class=\"wp-caption-text\">Le parc.<\/figcaption><\/figure>\n<figure id=\"attachment_4180\" aria-describedby=\"caption-attachment-4180\" style=\"width: 300px\" class=\"wp-caption aligncenter\"><a href=\"http:\/\/kouskeol.fr\/wp-content\/uploads\/2016\/08\/CCWG6350-1280x960.jpg\" target=\"_blank\"><img loading=\"lazy\" decoding=\"async\" class=\"wp-image-4180 size-medium\" src=\"http:\/\/kouskeol.fr\/wp-content\/uploads\/2016\/08\/CCWG6350-1280x960-300x225.jpg\" alt=\"CCWG6350 (1280x960)\" width=\"300\" height=\"225\" srcset=\"https:\/\/kouskeol.fr\/wp-content\/uploads\/2016\/08\/CCWG6350-1280x960-300x225.jpg 300w, https:\/\/kouskeol.fr\/wp-content\/uploads\/2016\/08\/CCWG6350-1280x960-768x576.jpg 768w, https:\/\/kouskeol.fr\/wp-content\/uploads\/2016\/08\/CCWG6350-1280x960-1024x768.jpg 1024w, https:\/\/kouskeol.fr\/wp-content\/uploads\/2016\/08\/CCWG6350-1280x960.jpg 1280w\" sizes=\"auto, (max-width: 300px) 100vw, 300px\" \/><\/a><figcaption id=\"caption-attachment-4180\" class=\"wp-caption-text\">Sculpture de totem pour le parc.<\/figcaption><\/figure>\n<figure id=\"attachment_4183\" aria-describedby=\"caption-attachment-4183\" style=\"width: 300px\" class=\"wp-caption aligncenter\"><a href=\"http:\/\/kouskeol.fr\/wp-content\/uploads\/2016\/08\/CCWG6354-1280x960.jpg\" target=\"_blank\"><img loading=\"lazy\" decoding=\"async\" class=\"wp-image-4183 size-medium\" src=\"http:\/\/kouskeol.fr\/wp-content\/uploads\/2016\/08\/CCWG6354-1280x960-300x225.jpg\" alt=\"CCWG6354 (1280x960)\" width=\"300\" height=\"225\" srcset=\"https:\/\/kouskeol.fr\/wp-content\/uploads\/2016\/08\/CCWG6354-1280x960-300x225.jpg 300w, https:\/\/kouskeol.fr\/wp-content\/uploads\/2016\/08\/CCWG6354-1280x960-768x576.jpg 768w, https:\/\/kouskeol.fr\/wp-content\/uploads\/2016\/08\/CCWG6354-1280x960-1024x768.jpg 1024w, https:\/\/kouskeol.fr\/wp-content\/uploads\/2016\/08\/CCWG6354-1280x960.jpg 1280w\" sizes=\"auto, (max-width: 300px) 100vw, 300px\" \/><\/a><figcaption id=\"caption-attachment-4183\" class=\"wp-caption-text\">La for\u00eat dense et les foug\u00e8res.<\/figcaption><\/figure>\n<figure id=\"attachment_4182\" aria-describedby=\"caption-attachment-4182\" style=\"width: 300px\" class=\"wp-caption aligncenter\"><a href=\"http:\/\/kouskeol.fr\/wp-content\/uploads\/2016\/08\/CCWG6352-1280x960.jpg\" target=\"_blank\"><img loading=\"lazy\" decoding=\"async\" class=\"wp-image-4182 size-medium\" src=\"http:\/\/kouskeol.fr\/wp-content\/uploads\/2016\/08\/CCWG6352-1280x960-300x225.jpg\" alt=\"CCWG6352 (1280x960)\" width=\"300\" height=\"225\" srcset=\"https:\/\/kouskeol.fr\/wp-content\/uploads\/2016\/08\/CCWG6352-1280x960-300x225.jpg 300w, https:\/\/kouskeol.fr\/wp-content\/uploads\/2016\/08\/CCWG6352-1280x960-768x576.jpg 768w, https:\/\/kouskeol.fr\/wp-content\/uploads\/2016\/08\/CCWG6352-1280x960-1024x768.jpg 1024w, https:\/\/kouskeol.fr\/wp-content\/uploads\/2016\/08\/CCWG6352-1280x960.jpg 1280w\" sizes=\"auto, (max-width: 300px) 100vw, 300px\" \/><\/a><figcaption id=\"caption-attachment-4182\" class=\"wp-caption-text\">Zone plus a\u00e9r\u00e9e.<\/figcaption><\/figure>\n<figure id=\"attachment_4184\" aria-describedby=\"caption-attachment-4184\" style=\"width: 300px\" class=\"wp-caption aligncenter\"><a href=\"http:\/\/kouskeol.fr\/wp-content\/uploads\/2016\/08\/CCWG6357-1280x960.jpg\" target=\"_blank\"><img loading=\"lazy\" decoding=\"async\" class=\"wp-image-4184 size-medium\" src=\"http:\/\/kouskeol.fr\/wp-content\/uploads\/2016\/08\/CCWG6357-1280x960-300x225.jpg\" alt=\"CCWG6357 (1280x960)\" width=\"300\" height=\"225\" srcset=\"https:\/\/kouskeol.fr\/wp-content\/uploads\/2016\/08\/CCWG6357-1280x960-300x225.jpg 300w, https:\/\/kouskeol.fr\/wp-content\/uploads\/2016\/08\/CCWG6357-1280x960-768x576.jpg 768w, https:\/\/kouskeol.fr\/wp-content\/uploads\/2016\/08\/CCWG6357-1280x960-1024x768.jpg 1024w, https:\/\/kouskeol.fr\/wp-content\/uploads\/2016\/08\/CCWG6357-1280x960.jpg 1280w\" sizes=\"auto, (max-width: 300px) 100vw, 300px\" \/><\/a><figcaption id=\"caption-attachment-4184\" class=\"wp-caption-text\">Le cagou, embl\u00e9matique et end\u00e9mique de Nouvelle-Cal\u00e9donie.<\/figcaption><\/figure>\n<p>Puis nous terminerons cette premi\u00e8re journ\u00e9e de visites par celle du fort de Teremba, \u00e0 Moindou, \u00e0 la fois une fortification militaire et un bagne, solitaire sur une butte dominant les environs, pr\u00e8s de la mer.<\/p>\n<figure id=\"attachment_4187\" aria-describedby=\"caption-attachment-4187\" style=\"width: 300px\" class=\"wp-caption aligncenter\"><a href=\"http:\/\/kouskeol.fr\/wp-content\/uploads\/2016\/08\/CCWG6360-1280x960.jpg\" target=\"_blank\"><img loading=\"lazy\" decoding=\"async\" class=\"wp-image-4187 size-medium\" src=\"http:\/\/kouskeol.fr\/wp-content\/uploads\/2016\/08\/CCWG6360-1280x960-300x225.jpg\" alt=\"CCWG6360 (1280x960)\" width=\"300\" height=\"225\" srcset=\"https:\/\/kouskeol.fr\/wp-content\/uploads\/2016\/08\/CCWG6360-1280x960-300x225.jpg 300w, https:\/\/kouskeol.fr\/wp-content\/uploads\/2016\/08\/CCWG6360-1280x960-768x576.jpg 768w, https:\/\/kouskeol.fr\/wp-content\/uploads\/2016\/08\/CCWG6360-1280x960-1024x768.jpg 1024w, https:\/\/kouskeol.fr\/wp-content\/uploads\/2016\/08\/CCWG6360-1280x960.jpg 1280w\" sizes=\"auto, (max-width: 300px) 100vw, 300px\" \/><\/a><figcaption id=\"caption-attachment-4187\" class=\"wp-caption-text\">Vu du haut de la tour de guet.<\/figcaption><\/figure>\n<p><a href=\"http:\/\/kouskeol.fr\/wp-content\/uploads\/2016\/08\/CCWG6359-1280x960.jpg\" target=\"_blank\"><img loading=\"lazy\" decoding=\"async\" class=\"aligncenter wp-image-4186 size-medium\" src=\"http:\/\/kouskeol.fr\/wp-content\/uploads\/2016\/08\/CCWG6359-1280x960-300x225.jpg\" alt=\"CCWG6359 (1280x960)\" width=\"300\" height=\"225\" srcset=\"https:\/\/kouskeol.fr\/wp-content\/uploads\/2016\/08\/CCWG6359-1280x960-300x225.jpg 300w, https:\/\/kouskeol.fr\/wp-content\/uploads\/2016\/08\/CCWG6359-1280x960-768x576.jpg 768w, https:\/\/kouskeol.fr\/wp-content\/uploads\/2016\/08\/CCWG6359-1280x960-1024x768.jpg 1024w, https:\/\/kouskeol.fr\/wp-content\/uploads\/2016\/08\/CCWG6359-1280x960.jpg 1280w\" sizes=\"auto, (max-width: 300px) 100vw, 300px\" \/><\/a><\/p>\n<p>Le lendemain, nous bifurquons vers la baie de Gouano, \u00e0 c\u00f4t\u00e9 de Bourail. L\u00e0 se trouve la Roche Perc\u00e9e et le Rocher du Bonhomme. La vue est superbe depuis Notre Dame des Flots, au sommet d\u2019un petit monticule vite gravi.<\/p>\n<figure id=\"attachment_4188\" aria-describedby=\"caption-attachment-4188\" style=\"width: 300px\" class=\"wp-caption aligncenter\"><a href=\"http:\/\/kouskeol.fr\/wp-content\/uploads\/2016\/08\/CCWG6367-1280x960.jpg\" target=\"_blank\"><img loading=\"lazy\" decoding=\"async\" class=\"wp-image-4188 size-medium\" src=\"http:\/\/kouskeol.fr\/wp-content\/uploads\/2016\/08\/CCWG6367-1280x960-300x225.jpg\" alt=\"CCWG6367 (1280x960)\" width=\"300\" height=\"225\" srcset=\"https:\/\/kouskeol.fr\/wp-content\/uploads\/2016\/08\/CCWG6367-1280x960-300x225.jpg 300w, https:\/\/kouskeol.fr\/wp-content\/uploads\/2016\/08\/CCWG6367-1280x960-768x576.jpg 768w, https:\/\/kouskeol.fr\/wp-content\/uploads\/2016\/08\/CCWG6367-1280x960-1024x768.jpg 1024w, https:\/\/kouskeol.fr\/wp-content\/uploads\/2016\/08\/CCWG6367-1280x960.jpg 1280w\" sizes=\"auto, (max-width: 300px) 100vw, 300px\" \/><\/a><figcaption id=\"caption-attachment-4188\" class=\"wp-caption-text\">Vue depuis Notre Dame des Flots.<\/figcaption><\/figure>\n<figure id=\"attachment_4189\" aria-describedby=\"caption-attachment-4189\" style=\"width: 300px\" class=\"wp-caption aligncenter\"><a href=\"http:\/\/kouskeol.fr\/wp-content\/uploads\/2016\/08\/CCWG6369-1280x960.jpg\" target=\"_blank\"><img loading=\"lazy\" decoding=\"async\" class=\"wp-image-4189 size-medium\" src=\"http:\/\/kouskeol.fr\/wp-content\/uploads\/2016\/08\/CCWG6369-1280x960-300x225.jpg\" alt=\"CCWG6369 (1280x960)\" width=\"300\" height=\"225\" srcset=\"https:\/\/kouskeol.fr\/wp-content\/uploads\/2016\/08\/CCWG6369-1280x960-300x225.jpg 300w, https:\/\/kouskeol.fr\/wp-content\/uploads\/2016\/08\/CCWG6369-1280x960-768x576.jpg 768w, https:\/\/kouskeol.fr\/wp-content\/uploads\/2016\/08\/CCWG6369-1280x960-1024x768.jpg 1024w, https:\/\/kouskeol.fr\/wp-content\/uploads\/2016\/08\/CCWG6369-1280x960.jpg 1280w\" sizes=\"auto, (max-width: 300px) 100vw, 300px\" \/><\/a><figcaption id=\"caption-attachment-4189\" class=\"wp-caption-text\">Et de l&rsquo;autre c\u00f4t\u00e9&#8230;<\/figcaption><\/figure>\n<figure id=\"attachment_4190\" aria-describedby=\"caption-attachment-4190\" style=\"width: 300px\" class=\"wp-caption aligncenter\"><a href=\"http:\/\/kouskeol.fr\/wp-content\/uploads\/2016\/08\/CCWG6372-1280x960.jpg\" target=\"_blank\"><img loading=\"lazy\" decoding=\"async\" class=\"wp-image-4190 size-medium\" src=\"http:\/\/kouskeol.fr\/wp-content\/uploads\/2016\/08\/CCWG6372-1280x960-300x225.jpg\" alt=\"CCWG6372 (1280x960)\" width=\"300\" height=\"225\" srcset=\"https:\/\/kouskeol.fr\/wp-content\/uploads\/2016\/08\/CCWG6372-1280x960-300x225.jpg 300w, https:\/\/kouskeol.fr\/wp-content\/uploads\/2016\/08\/CCWG6372-1280x960-768x576.jpg 768w, https:\/\/kouskeol.fr\/wp-content\/uploads\/2016\/08\/CCWG6372-1280x960-1024x768.jpg 1024w, https:\/\/kouskeol.fr\/wp-content\/uploads\/2016\/08\/CCWG6372-1280x960.jpg 1280w\" sizes=\"auto, (max-width: 300px) 100vw, 300px\" \/><\/a><figcaption id=\"caption-attachment-4190\" class=\"wp-caption-text\">Le Bonhomme et la Roche Perc\u00e9e.<\/figcaption><\/figure>\n<p>Pas tr\u00e8s loin se trouve le plus grand h\u00f4tel de Nouvelle-Cal\u00e9donie, le <i>Sheraton<\/i>, \u00e9lu plus bel h\u00f4tel du Pacifique. Allons v\u00e9rifier\u2026<\/p>\n<p>Nous ne connaissons pas les concurrents, mais l\u2019architecte a frapp\u00e9 fort\u00a0: le b\u00e2timent est magnifique, tout en bois et bien int\u00e9gr\u00e9 dans le paysage. Les charpentiers se sont fait plaisir\u00a0!<\/p>\n<figure id=\"attachment_4191\" aria-describedby=\"caption-attachment-4191\" style=\"width: 300px\" class=\"wp-caption aligncenter\"><a href=\"http:\/\/kouskeol.fr\/wp-content\/uploads\/2016\/08\/CCWG6373-1280x960.jpg\" target=\"_blank\"><img loading=\"lazy\" decoding=\"async\" class=\"wp-image-4191 size-medium\" src=\"http:\/\/kouskeol.fr\/wp-content\/uploads\/2016\/08\/CCWG6373-1280x960-300x225.jpg\" alt=\"CCWG6373 (1280x960)\" width=\"300\" height=\"225\" srcset=\"https:\/\/kouskeol.fr\/wp-content\/uploads\/2016\/08\/CCWG6373-1280x960-300x225.jpg 300w, https:\/\/kouskeol.fr\/wp-content\/uploads\/2016\/08\/CCWG6373-1280x960-768x576.jpg 768w, https:\/\/kouskeol.fr\/wp-content\/uploads\/2016\/08\/CCWG6373-1280x960-1024x768.jpg 1024w, https:\/\/kouskeol.fr\/wp-content\/uploads\/2016\/08\/CCWG6373-1280x960.jpg 1280w\" sizes=\"auto, (max-width: 300px) 100vw, 300px\" \/><\/a><figcaption id=\"caption-attachment-4191\" class=\"wp-caption-text\">Case coutumi\u00e8re \u00e0 l&rsquo;entr\u00e9e du domaine.<\/figcaption><\/figure>\n<figure id=\"attachment_4192\" aria-describedby=\"caption-attachment-4192\" style=\"width: 300px\" class=\"wp-caption aligncenter\"><a href=\"http:\/\/kouskeol.fr\/wp-content\/uploads\/2016\/08\/CCWG6374-1280x960.jpg\" target=\"_blank\"><img loading=\"lazy\" decoding=\"async\" class=\"wp-image-4192 size-medium\" src=\"http:\/\/kouskeol.fr\/wp-content\/uploads\/2016\/08\/CCWG6374-1280x960-300x225.jpg\" alt=\"CCWG6374 (1280x960)\" width=\"300\" height=\"225\" srcset=\"https:\/\/kouskeol.fr\/wp-content\/uploads\/2016\/08\/CCWG6374-1280x960-300x225.jpg 300w, https:\/\/kouskeol.fr\/wp-content\/uploads\/2016\/08\/CCWG6374-1280x960-768x576.jpg 768w, https:\/\/kouskeol.fr\/wp-content\/uploads\/2016\/08\/CCWG6374-1280x960-1024x768.jpg 1024w, https:\/\/kouskeol.fr\/wp-content\/uploads\/2016\/08\/CCWG6374-1280x960.jpg 1280w\" sizes=\"auto, (max-width: 300px) 100vw, 300px\" \/><\/a><figcaption id=\"caption-attachment-4192\" class=\"wp-caption-text\">La porte de la case et ses chambranles.<\/figcaption><\/figure>\n<figure id=\"attachment_4193\" aria-describedby=\"caption-attachment-4193\" style=\"width: 300px\" class=\"wp-caption aligncenter\"><a href=\"http:\/\/kouskeol.fr\/wp-content\/uploads\/2016\/08\/CCWG6375-1280x960.jpg\" target=\"_blank\"><img loading=\"lazy\" decoding=\"async\" class=\"wp-image-4193 size-medium\" src=\"http:\/\/kouskeol.fr\/wp-content\/uploads\/2016\/08\/CCWG6375-1280x960-300x225.jpg\" alt=\"CCWG6375 (1280x960)\" width=\"300\" height=\"225\" srcset=\"https:\/\/kouskeol.fr\/wp-content\/uploads\/2016\/08\/CCWG6375-1280x960-300x225.jpg 300w, https:\/\/kouskeol.fr\/wp-content\/uploads\/2016\/08\/CCWG6375-1280x960-768x576.jpg 768w, https:\/\/kouskeol.fr\/wp-content\/uploads\/2016\/08\/CCWG6375-1280x960-1024x768.jpg 1024w, https:\/\/kouskeol.fr\/wp-content\/uploads\/2016\/08\/CCWG6375-1280x960.jpg 1280w\" sizes=\"auto, (max-width: 300px) 100vw, 300px\" \/><\/a><figcaption id=\"caption-attachment-4193\" class=\"wp-caption-text\">L&rsquo;entr\u00e9e du Sheraton.<\/figcaption><\/figure>\n<figure id=\"attachment_4194\" aria-describedby=\"caption-attachment-4194\" style=\"width: 300px\" class=\"wp-caption aligncenter\"><a href=\"http:\/\/kouskeol.fr\/wp-content\/uploads\/2016\/08\/CCWG6376-1280x960.jpg\" target=\"_blank\"><img loading=\"lazy\" decoding=\"async\" class=\"wp-image-4194 size-medium\" src=\"http:\/\/kouskeol.fr\/wp-content\/uploads\/2016\/08\/CCWG6376-1280x960-300x225.jpg\" alt=\"CCWG6376 (1280x960)\" width=\"300\" height=\"225\" srcset=\"https:\/\/kouskeol.fr\/wp-content\/uploads\/2016\/08\/CCWG6376-1280x960-300x225.jpg 300w, https:\/\/kouskeol.fr\/wp-content\/uploads\/2016\/08\/CCWG6376-1280x960-768x576.jpg 768w, https:\/\/kouskeol.fr\/wp-content\/uploads\/2016\/08\/CCWG6376-1280x960-1024x768.jpg 1024w, https:\/\/kouskeol.fr\/wp-content\/uploads\/2016\/08\/CCWG6376-1280x960.jpg 1280w\" sizes=\"auto, (max-width: 300px) 100vw, 300px\" \/><\/a><figcaption id=\"caption-attachment-4194\" class=\"wp-caption-text\">Admirez la charpente.<\/figcaption><\/figure>\n<figure id=\"attachment_4195\" aria-describedby=\"caption-attachment-4195\" style=\"width: 300px\" class=\"wp-caption aligncenter\"><a href=\"http:\/\/kouskeol.fr\/wp-content\/uploads\/2016\/08\/CCWG6377-1280x960.jpg\" target=\"_blank\"><img loading=\"lazy\" decoding=\"async\" class=\"wp-image-4195 size-medium\" src=\"http:\/\/kouskeol.fr\/wp-content\/uploads\/2016\/08\/CCWG6377-1280x960-300x225.jpg\" alt=\"CCWG6377 (1280x960)\" width=\"300\" height=\"225\" srcset=\"https:\/\/kouskeol.fr\/wp-content\/uploads\/2016\/08\/CCWG6377-1280x960-300x225.jpg 300w, https:\/\/kouskeol.fr\/wp-content\/uploads\/2016\/08\/CCWG6377-1280x960-768x576.jpg 768w, https:\/\/kouskeol.fr\/wp-content\/uploads\/2016\/08\/CCWG6377-1280x960-1024x768.jpg 1024w, https:\/\/kouskeol.fr\/wp-content\/uploads\/2016\/08\/CCWG6377-1280x960.jpg 1280w\" sizes=\"auto, (max-width: 300px) 100vw, 300px\" \/><\/a><figcaption id=\"caption-attachment-4195\" class=\"wp-caption-text\">Le Sheraton.<\/figcaption><\/figure>\n<p>Autour du <i>Sheraton<\/i> s\u2019\u00e9tend un immense parc, apparemment co-g\u00e9r\u00e9 avec la r\u00e9gion, o\u00f9 sont propos\u00e9s tours en VTT, randonn\u00e9es \u00e0 pied ou \u00e0 cheval, baignades, snorkeling, etc. Et \u00e9videmment, la plage devant l\u2019h\u00f4tel ne pouvait pas \u00eatre moins que grandiose.<\/p>\n<p><a href=\"http:\/\/kouskeol.fr\/wp-content\/uploads\/2016\/08\/CCWG6378-1280x960.jpg\" target=\"_blank\"><img loading=\"lazy\" decoding=\"async\" class=\"aligncenter wp-image-4196 size-medium\" src=\"http:\/\/kouskeol.fr\/wp-content\/uploads\/2016\/08\/CCWG6378-1280x960-300x225.jpg\" alt=\"CCWG6378 (1280x960)\" width=\"300\" height=\"225\" srcset=\"https:\/\/kouskeol.fr\/wp-content\/uploads\/2016\/08\/CCWG6378-1280x960-300x225.jpg 300w, https:\/\/kouskeol.fr\/wp-content\/uploads\/2016\/08\/CCWG6378-1280x960-768x576.jpg 768w, https:\/\/kouskeol.fr\/wp-content\/uploads\/2016\/08\/CCWG6378-1280x960-1024x768.jpg 1024w, https:\/\/kouskeol.fr\/wp-content\/uploads\/2016\/08\/CCWG6378-1280x960.jpg 1280w\" sizes=\"auto, (max-width: 300px) 100vw, 300px\" \/><\/a><\/p>\n<p>Nous continuons ensuite la route vers le nord, jusqu\u2019\u00e0 Kon\u00e9, o\u00f9 nous prenons la transversale qui nous m\u00e8ne sur la c\u00f4te est. Tr\u00e8s belle route au milieu de paysages de montagne tr\u00e8s verts et de vastes p\u00e2turages.<\/p>\n<figure id=\"attachment_4197\" aria-describedby=\"caption-attachment-4197\" style=\"width: 300px\" class=\"wp-caption aligncenter\"><a href=\"http:\/\/kouskeol.fr\/wp-content\/uploads\/2016\/08\/CCWG6382-1280x960.jpg\" target=\"_blank\"><img loading=\"lazy\" decoding=\"async\" class=\"wp-image-4197 size-medium\" src=\"http:\/\/kouskeol.fr\/wp-content\/uploads\/2016\/08\/CCWG6382-1280x960-300x225.jpg\" alt=\"CCWG6382 (1280x960)\" width=\"300\" height=\"225\" srcset=\"https:\/\/kouskeol.fr\/wp-content\/uploads\/2016\/08\/CCWG6382-1280x960-300x225.jpg 300w, https:\/\/kouskeol.fr\/wp-content\/uploads\/2016\/08\/CCWG6382-1280x960-768x576.jpg 768w, https:\/\/kouskeol.fr\/wp-content\/uploads\/2016\/08\/CCWG6382-1280x960-1024x768.jpg 1024w, https:\/\/kouskeol.fr\/wp-content\/uploads\/2016\/08\/CCWG6382-1280x960.jpg 1280w\" sizes=\"auto, (max-width: 300px) 100vw, 300px\" \/><\/a><figcaption id=\"caption-attachment-4197\" class=\"wp-caption-text\">Le long de la transversale.<\/figcaption><\/figure>\n<figure id=\"attachment_4198\" aria-describedby=\"caption-attachment-4198\" style=\"width: 300px\" class=\"wp-caption aligncenter\"><a href=\"http:\/\/kouskeol.fr\/wp-content\/uploads\/2016\/08\/CCWG6383-1280x960.jpg\" target=\"_blank\"><img loading=\"lazy\" decoding=\"async\" class=\"wp-image-4198 size-medium\" src=\"http:\/\/kouskeol.fr\/wp-content\/uploads\/2016\/08\/CCWG6383-1280x960-300x225.jpg\" alt=\"CCWG6383 (1280x960)\" width=\"300\" height=\"225\" srcset=\"https:\/\/kouskeol.fr\/wp-content\/uploads\/2016\/08\/CCWG6383-1280x960-300x225.jpg 300w, https:\/\/kouskeol.fr\/wp-content\/uploads\/2016\/08\/CCWG6383-1280x960-768x576.jpg 768w, https:\/\/kouskeol.fr\/wp-content\/uploads\/2016\/08\/CCWG6383-1280x960-1024x768.jpg 1024w, https:\/\/kouskeol.fr\/wp-content\/uploads\/2016\/08\/CCWG6383-1280x960.jpg 1280w\" sizes=\"auto, (max-width: 300px) 100vw, 300px\" \/><\/a><figcaption id=\"caption-attachment-4198\" class=\"wp-caption-text\">Arriv\u00e9e sur la c\u00f4te est.<\/figcaption><\/figure>\n<p>Arriv\u00e9s sur la c\u00f4te, nous prenons vers le nord, vers Hiengh\u00e8ne. Le paysage est compl\u00e8tement diff\u00e9rent\u00a0: for\u00eat dense et tr\u00e8s verte. Finies les grandes plaines\u00a0: la route est coinc\u00e9e entre la montagne et la mer. Les tribus\/villages sont cach\u00e9s dans la v\u00e9g\u00e9tation\u00a0: seuls des panneaux indicateurs signalent leur pr\u00e9sence.<\/p>\n<figure id=\"attachment_4199\" aria-describedby=\"caption-attachment-4199\" style=\"width: 300px\" class=\"wp-caption aligncenter\"><a href=\"http:\/\/kouskeol.fr\/wp-content\/uploads\/2016\/08\/CCWG6384-1280x960.jpg\" target=\"_blank\"><img loading=\"lazy\" decoding=\"async\" class=\"wp-image-4199 size-medium\" src=\"http:\/\/kouskeol.fr\/wp-content\/uploads\/2016\/08\/CCWG6384-1280x960-300x225.jpg\" alt=\"CCWG6384 (1280x960)\" width=\"300\" height=\"225\" srcset=\"https:\/\/kouskeol.fr\/wp-content\/uploads\/2016\/08\/CCWG6384-1280x960-300x225.jpg 300w, https:\/\/kouskeol.fr\/wp-content\/uploads\/2016\/08\/CCWG6384-1280x960-768x576.jpg 768w, https:\/\/kouskeol.fr\/wp-content\/uploads\/2016\/08\/CCWG6384-1280x960-1024x768.jpg 1024w, https:\/\/kouskeol.fr\/wp-content\/uploads\/2016\/08\/CCWG6384-1280x960.jpg 1280w\" sizes=\"auto, (max-width: 300px) 100vw, 300px\" \/><\/a><figcaption id=\"caption-attachment-4199\" class=\"wp-caption-text\">Platier le long de la c\u00f4te.<\/figcaption><\/figure>\n<p>L\u2019arriv\u00e9e sur Hiengh\u00e8ne est extraordinaire. De hauts rochers en calcaire noir, les falaises de Lind\u00e9ralique, dominent une jolie baie ferm\u00e9e par la Poule Couveuse.<\/p>\n<figure id=\"attachment_4200\" aria-describedby=\"caption-attachment-4200\" style=\"width: 300px\" class=\"wp-caption aligncenter\"><a href=\"http:\/\/kouskeol.fr\/wp-content\/uploads\/2016\/08\/CCWG6389-1280x960.jpg\" target=\"_blank\"><img loading=\"lazy\" decoding=\"async\" class=\"wp-image-4200 size-medium\" src=\"http:\/\/kouskeol.fr\/wp-content\/uploads\/2016\/08\/CCWG6389-1280x960-300x225.jpg\" alt=\"CCWG6389 (1280x960)\" width=\"300\" height=\"225\" srcset=\"https:\/\/kouskeol.fr\/wp-content\/uploads\/2016\/08\/CCWG6389-1280x960-300x225.jpg 300w, https:\/\/kouskeol.fr\/wp-content\/uploads\/2016\/08\/CCWG6389-1280x960-768x576.jpg 768w, https:\/\/kouskeol.fr\/wp-content\/uploads\/2016\/08\/CCWG6389-1280x960-1024x768.jpg 1024w, https:\/\/kouskeol.fr\/wp-content\/uploads\/2016\/08\/CCWG6389-1280x960.jpg 1280w\" sizes=\"auto, (max-width: 300px) 100vw, 300px\" \/><\/a><figcaption id=\"caption-attachment-4200\" class=\"wp-caption-text\">La Poule Couveuse.<\/figcaption><\/figure>\n<figure id=\"attachment_4201\" aria-describedby=\"caption-attachment-4201\" style=\"width: 300px\" class=\"wp-caption aligncenter\"><a href=\"http:\/\/kouskeol.fr\/wp-content\/uploads\/2016\/08\/CCWG6391-1280x960.jpg\" target=\"_blank\"><img loading=\"lazy\" decoding=\"async\" class=\"wp-image-4201 size-medium\" src=\"http:\/\/kouskeol.fr\/wp-content\/uploads\/2016\/08\/CCWG6391-1280x960-300x225.jpg\" alt=\"CCWG6391 (1280x960)\" width=\"300\" height=\"225\" srcset=\"https:\/\/kouskeol.fr\/wp-content\/uploads\/2016\/08\/CCWG6391-1280x960-300x225.jpg 300w, https:\/\/kouskeol.fr\/wp-content\/uploads\/2016\/08\/CCWG6391-1280x960-768x576.jpg 768w, https:\/\/kouskeol.fr\/wp-content\/uploads\/2016\/08\/CCWG6391-1280x960-1024x768.jpg 1024w, https:\/\/kouskeol.fr\/wp-content\/uploads\/2016\/08\/CCWG6391-1280x960.jpg 1280w\" sizes=\"auto, (max-width: 300px) 100vw, 300px\" \/><\/a><figcaption id=\"caption-attachment-4201\" class=\"wp-caption-text\">Hiengh\u00e8ne au fond.<\/figcaption><\/figure>\n<figure id=\"attachment_4202\" aria-describedby=\"caption-attachment-4202\" style=\"width: 300px\" class=\"wp-caption aligncenter\"><a href=\"http:\/\/kouskeol.fr\/wp-content\/uploads\/2016\/08\/CCWG6392-1280x960.jpg\" target=\"_blank\"><img loading=\"lazy\" decoding=\"async\" class=\"wp-image-4202 size-medium\" src=\"http:\/\/kouskeol.fr\/wp-content\/uploads\/2016\/08\/CCWG6392-1280x960-300x225.jpg\" alt=\"CCWG6392 (1280x960)\" width=\"300\" height=\"225\" srcset=\"https:\/\/kouskeol.fr\/wp-content\/uploads\/2016\/08\/CCWG6392-1280x960-300x225.jpg 300w, https:\/\/kouskeol.fr\/wp-content\/uploads\/2016\/08\/CCWG6392-1280x960-768x576.jpg 768w, https:\/\/kouskeol.fr\/wp-content\/uploads\/2016\/08\/CCWG6392-1280x960-1024x768.jpg 1024w, https:\/\/kouskeol.fr\/wp-content\/uploads\/2016\/08\/CCWG6392-1280x960.jpg 1280w\" sizes=\"auto, (max-width: 300px) 100vw, 300px\" \/><\/a><figcaption id=\"caption-attachment-4202\" class=\"wp-caption-text\">L&rsquo;entr\u00e9e de la baie.<\/figcaption><\/figure>\n<p>Pour \u00eatre en harmonie avec la beaut\u00e9 du lieu, nous ne pouvions faire mieux que de dormir dans le tr\u00e8s bel h\u00f4tel <i>Koulnou\u00e9 <\/i><i>Village<\/i>. Faut ce qu\u2019il faut. En fait, c\u2019\u00e9tait le seul avec encore des chambres libres, et une promotion d\u2019avant vacances ajoutait \u00e0 l\u2019attrait\u2026 En guise de chambre, nous aurons un petit bungalow au bord du lagon. Y a pas de raison.<\/p>\n<p><a href=\"http:\/\/kouskeol.fr\/wp-content\/uploads\/2016\/08\/CCWG6387-1280x960.jpg\" target=\"_blank\"><img loading=\"lazy\" decoding=\"async\" class=\"aligncenter wp-image-4203 size-medium\" src=\"http:\/\/kouskeol.fr\/wp-content\/uploads\/2016\/08\/CCWG6387-1280x960-300x225.jpg\" alt=\"CCWG6387 (1280x960)\" width=\"300\" height=\"225\" srcset=\"https:\/\/kouskeol.fr\/wp-content\/uploads\/2016\/08\/CCWG6387-1280x960-300x225.jpg 300w, https:\/\/kouskeol.fr\/wp-content\/uploads\/2016\/08\/CCWG6387-1280x960-768x576.jpg 768w, https:\/\/kouskeol.fr\/wp-content\/uploads\/2016\/08\/CCWG6387-1280x960-1024x768.jpg 1024w, https:\/\/kouskeol.fr\/wp-content\/uploads\/2016\/08\/CCWG6387-1280x960.jpg 1280w\" sizes=\"auto, (max-width: 300px) 100vw, 300px\" \/><\/a><\/p>\n<p>Hiengh\u00e8ne est tristement c\u00e9l\u00e8bre pour l\u2019assassinat de dix-sept Kanaks ind\u00e9pendantistes, dont deux fr\u00e8res de Jean-Marie Tjibaou, par des Caldoches en 1984.<\/p>\n<p>Un peu plus loin au nord se trouve le dernier bac de Nouvelle-Cal\u00e9donie, qui permet de franchir l\u2019estuaire de la rivi\u00e8re Oua\u00ef\u00e8me. Ce bac fonctionne gratuitement vingt-quatre heures sur vingt-quatre, et devrait \u00eatre remplac\u00e9 par un pont un peu plus en amont dans les ann\u00e9es \u00e0 venir.<\/p>\n<p><a href=\"http:\/\/kouskeol.fr\/wp-content\/uploads\/2016\/08\/CCWG6396-1280x960.jpg\" target=\"_blank\"><img loading=\"lazy\" decoding=\"async\" class=\"aligncenter wp-image-4204 size-medium\" src=\"http:\/\/kouskeol.fr\/wp-content\/uploads\/2016\/08\/CCWG6396-1280x960-300x225.jpg\" alt=\"CCWG6396 (1280x960)\" width=\"300\" height=\"225\" srcset=\"https:\/\/kouskeol.fr\/wp-content\/uploads\/2016\/08\/CCWG6396-1280x960-300x225.jpg 300w, https:\/\/kouskeol.fr\/wp-content\/uploads\/2016\/08\/CCWG6396-1280x960-768x576.jpg 768w, https:\/\/kouskeol.fr\/wp-content\/uploads\/2016\/08\/CCWG6396-1280x960-1024x768.jpg 1024w, https:\/\/kouskeol.fr\/wp-content\/uploads\/2016\/08\/CCWG6396-1280x960.jpg 1280w\" sizes=\"auto, (max-width: 300px) 100vw, 300px\" \/><\/a><\/p>\n<p>En revenant vers Hiengh\u00e8ne, nous visitons une ancienne mission, elle aussi dans un cadre splendide.<\/p>\n<p><a href=\"http:\/\/kouskeol.fr\/wp-content\/uploads\/2016\/08\/CCWG6402-1280x960.jpg\" target=\"_blank\"><img loading=\"lazy\" decoding=\"async\" class=\"aligncenter wp-image-4206 size-medium\" src=\"http:\/\/kouskeol.fr\/wp-content\/uploads\/2016\/08\/CCWG6402-1280x960-300x225.jpg\" alt=\"CCWG6402 (1280x960)\" width=\"300\" height=\"225\" srcset=\"https:\/\/kouskeol.fr\/wp-content\/uploads\/2016\/08\/CCWG6402-1280x960-300x225.jpg 300w, https:\/\/kouskeol.fr\/wp-content\/uploads\/2016\/08\/CCWG6402-1280x960-768x576.jpg 768w, https:\/\/kouskeol.fr\/wp-content\/uploads\/2016\/08\/CCWG6402-1280x960-1024x768.jpg 1024w, https:\/\/kouskeol.fr\/wp-content\/uploads\/2016\/08\/CCWG6402-1280x960.jpg 1280w\" sizes=\"auto, (max-width: 300px) 100vw, 300px\" \/><\/a><\/p>\n<p><a href=\"http:\/\/kouskeol.fr\/wp-content\/uploads\/2016\/08\/CCWG6399-1280x960.jpg\" target=\"_blank\"><img loading=\"lazy\" decoding=\"async\" class=\"aligncenter wp-image-4207 size-medium\" src=\"http:\/\/kouskeol.fr\/wp-content\/uploads\/2016\/08\/CCWG6399-1280x960-300x225.jpg\" alt=\"CCWG6399 (1280x960)\" width=\"300\" height=\"225\" srcset=\"https:\/\/kouskeol.fr\/wp-content\/uploads\/2016\/08\/CCWG6399-1280x960-300x225.jpg 300w, https:\/\/kouskeol.fr\/wp-content\/uploads\/2016\/08\/CCWG6399-1280x960-768x576.jpg 768w, https:\/\/kouskeol.fr\/wp-content\/uploads\/2016\/08\/CCWG6399-1280x960-1024x768.jpg 1024w, https:\/\/kouskeol.fr\/wp-content\/uploads\/2016\/08\/CCWG6399-1280x960.jpg 1280w\" sizes=\"auto, (max-width: 300px) 100vw, 300px\" \/><\/a><\/p>\n<p><a href=\"http:\/\/kouskeol.fr\/wp-content\/uploads\/2016\/08\/CCWG6400-1280x960.jpg\" target=\"_blank\"><img loading=\"lazy\" decoding=\"async\" class=\"aligncenter wp-image-4205 size-medium\" src=\"http:\/\/kouskeol.fr\/wp-content\/uploads\/2016\/08\/CCWG6400-1280x960-300x225.jpg\" alt=\"CCWG6400 (1280x960)\" width=\"300\" height=\"225\" srcset=\"https:\/\/kouskeol.fr\/wp-content\/uploads\/2016\/08\/CCWG6400-1280x960-300x225.jpg 300w, https:\/\/kouskeol.fr\/wp-content\/uploads\/2016\/08\/CCWG6400-1280x960-768x576.jpg 768w, https:\/\/kouskeol.fr\/wp-content\/uploads\/2016\/08\/CCWG6400-1280x960-1024x768.jpg 1024w, https:\/\/kouskeol.fr\/wp-content\/uploads\/2016\/08\/CCWG6400-1280x960.jpg 1280w\" sizes=\"auto, (max-width: 300px) 100vw, 300px\" \/><\/a><\/p>\n<p>Puis nous reprenons la route vers le sud. De nombreuses tribus sont \u00e9tablies le long de la route. Le d\u00e9cor change\u00a0: la v\u00e9g\u00e9tation luxuriante laisse la place \u00e0 un paysage plus sec. Nous nous approchons des mines de nickel plus au sud. Nous arrivons finalement \u00e0 Houa\u00eflou, dans le fief des ind\u00e9pendantistes, o\u00f9 il nous a \u00e9t\u00e9 fortement recommand\u00e9 de ne pas tra\u00eener. En particulier par le loueur de voiture qui ne souhaitait pas r\u00e9cup\u00e9rer sa voiture caillass\u00e9e\u2026 M\u00eame la gendarmerie ne sort pas sans les gilets pare-balle\u00a0!<\/p>\n<p>Sur le bord de la route qui doit nous ramener vers Bourail et la c\u00f4te ouest, un auto-stoppeur. Par reconnaissance pour les v\u00e9hicules qui nous ont pris chaque fois que nous avions lev\u00e9 le pouce, nous faisons jouer la r\u00e9ciprocit\u00e9. Surprise\u00a0: deux autres hommes s\u2019approchent\u2026 En fait, le candidat au transport est plus rond qu\u2019une queue de pelle tourn\u00e9e par un Suisse<a class=\"sdfootnoteanc\" href=\"#sdfootnote1sym\" name=\"sdfootnote1anc\"><sup>1<\/sup><\/a>\u00a0: dire que son haleine est charg\u00e9e serait une d\u00e9formation fortement r\u00e9ductrice de la r\u00e9alit\u00e9. Nous frisons l\u2019\u00e9thylisme en respirant les vapeurs d\u2019alcool g\u00e9n\u00e9reusement exhal\u00e9es\u2026 Incapable de s\u2019exprimer, ce sont ses deux compagnons, un peu moins atteints, qui nous expliquent qu\u2019il n\u2019est pas dangereux, qu\u2019on n\u2019a rien \u00e0 craindre, et qu\u2019il veut seulement rentrer sur Noum\u00e9a. Ah, d\u2019accord\u00a0! Mais nous nous arr\u00eatons \u00e0 Bourail. Pas de probl\u00e8me\u00a0: il prendra le bus de l\u00e0.<\/p>\n<p>Nous voici donc repartis avec notre passager, qui nous demande tout de suite \u00ab\u00a0De la beu\u00a0!\u00a0\u00bb. Ah, c\u2019est donc \u00e7a\u00a0: ce n\u2019est pas qu\u2019un probl\u00e8me d\u2019alcool\u00a0! Nous r\u00e9ussissons \u00e0 le contenter avec une demie tablette de chocolat qui nous restait. Nous tenterons souvent vainement de traduire un certain nombre de borborygmes jusqu\u2019\u00e0 Bourail, o\u00f9 nous le posons vers l\u2019arr\u00eat des bus, et nous aurons droit \u00e0 un \u00ab\u00a0Que le seigneur vous accompagne\u00a0!\u00a0\u00bb. Et qui va l\u2019accompagner, notre compagnon \u00e9ph\u00e9m\u00e8re\u00a0?<\/p>\n<p>Le soir, nous retrouvons le m\u00eame h\u00f4tel que l\u2019avant-veille\u00a0: le tour de Bourail est vite boucl\u00e9, et l\u2019autre h\u00f4tel semble avoir fait faillite. Et m\u00eame pas un bistrot.<\/p>\n<p>Le lendemain, apr\u00e8s le petit-d\u00e9jeuner, comme il fait beau, un crochet vers l\u2019admirable plage de Poe\u00a0est vot\u00e9, afin de nous rincer l\u2019\u0153il encore une fois, et permettre \u00e0 Cathy une derni\u00e8re trempette dans le lagon. Pour apprendre plus tard qu\u2019une femme s\u2019\u00e9tait fait attaquer par un requin au m\u00eame endroit. Frissons r\u00e9trospectifs\u2026<\/p>\n<p><a href=\"http:\/\/kouskeol.fr\/wp-content\/uploads\/2016\/08\/CCWG6407-1280x960.jpg\" target=\"_blank\"><img loading=\"lazy\" decoding=\"async\" class=\"aligncenter wp-image-4208 size-medium\" src=\"http:\/\/kouskeol.fr\/wp-content\/uploads\/2016\/08\/CCWG6407-1280x960-300x225.jpg\" alt=\"CCWG6407 (1280x960)\" width=\"300\" height=\"225\" srcset=\"https:\/\/kouskeol.fr\/wp-content\/uploads\/2016\/08\/CCWG6407-1280x960-300x225.jpg 300w, https:\/\/kouskeol.fr\/wp-content\/uploads\/2016\/08\/CCWG6407-1280x960-768x576.jpg 768w, https:\/\/kouskeol.fr\/wp-content\/uploads\/2016\/08\/CCWG6407-1280x960-1024x768.jpg 1024w, https:\/\/kouskeol.fr\/wp-content\/uploads\/2016\/08\/CCWG6407-1280x960.jpg 1280w\" sizes=\"auto, (max-width: 300px) 100vw, 300px\" \/><\/a><\/p>\n<p>Plus loin se trouve le cimeti\u00e8re des N\u00e9o-z\u00e9landais\u00a0: les alli\u00e9s avaient des bases importantes en Nouvelle-Cal\u00e9donie durant la guerre du Pacifique.<\/p>\n<p><a href=\"http:\/\/kouskeol.fr\/wp-content\/uploads\/2016\/08\/CCWG6411-1280x960.jpg\" target=\"_blank\"><img loading=\"lazy\" decoding=\"async\" class=\"aligncenter wp-image-4209 size-medium\" src=\"http:\/\/kouskeol.fr\/wp-content\/uploads\/2016\/08\/CCWG6411-1280x960-300x225.jpg\" alt=\"CCWG6411 (1280x960)\" width=\"300\" height=\"225\" srcset=\"https:\/\/kouskeol.fr\/wp-content\/uploads\/2016\/08\/CCWG6411-1280x960-300x225.jpg 300w, https:\/\/kouskeol.fr\/wp-content\/uploads\/2016\/08\/CCWG6411-1280x960-768x576.jpg 768w, https:\/\/kouskeol.fr\/wp-content\/uploads\/2016\/08\/CCWG6411-1280x960-1024x768.jpg 1024w, https:\/\/kouskeol.fr\/wp-content\/uploads\/2016\/08\/CCWG6411-1280x960.jpg 1280w\" sizes=\"auto, (max-width: 300px) 100vw, 300px\" \/><\/a><\/p>\n<p>Et un peu plus loin, surprise\u00a0: une mosqu\u00e9e, \u00e9tablissement religieux plut\u00f4t rare dans le coin. Mais rappelez-vous\u00a0: la France envoyait ici ses prisonniers politiques \u00e0 la fin du dix-neuvi\u00e8me. Entre autres les kabyles rebelles \u00e0 la colonisation fran\u00e7aise en Afrique du Nord. Beaucoup sont rest\u00e9s apr\u00e8s l\u2019amnistie, et se sont install\u00e9s dans cette r\u00e9gion.<\/p>\n<p><a href=\"http:\/\/kouskeol.fr\/wp-content\/uploads\/2016\/08\/CCWG6412-1280x960.jpg\" target=\"_blank\"><img loading=\"lazy\" decoding=\"async\" class=\"aligncenter wp-image-4210 size-medium\" src=\"http:\/\/kouskeol.fr\/wp-content\/uploads\/2016\/08\/CCWG6412-1280x960-300x225.jpg\" alt=\"CCWG6412 (1280x960)\" width=\"300\" height=\"225\" srcset=\"https:\/\/kouskeol.fr\/wp-content\/uploads\/2016\/08\/CCWG6412-1280x960-300x225.jpg 300w, https:\/\/kouskeol.fr\/wp-content\/uploads\/2016\/08\/CCWG6412-1280x960-768x576.jpg 768w, https:\/\/kouskeol.fr\/wp-content\/uploads\/2016\/08\/CCWG6412-1280x960-1024x768.jpg 1024w, https:\/\/kouskeol.fr\/wp-content\/uploads\/2016\/08\/CCWG6412-1280x960.jpg 1280w\" sizes=\"auto, (max-width: 300px) 100vw, 300px\" \/><\/a> <a href=\"http:\/\/kouskeol.fr\/wp-content\/uploads\/2016\/08\/CCWG6413-1280x960.jpg\" target=\"_blank\"><img loading=\"lazy\" decoding=\"async\" class=\"aligncenter wp-image-4211 size-medium\" src=\"http:\/\/kouskeol.fr\/wp-content\/uploads\/2016\/08\/CCWG6413-1280x960-300x225.jpg\" alt=\"CCWG6413 (1280x960)\" width=\"300\" height=\"225\" srcset=\"https:\/\/kouskeol.fr\/wp-content\/uploads\/2016\/08\/CCWG6413-1280x960-300x225.jpg 300w, https:\/\/kouskeol.fr\/wp-content\/uploads\/2016\/08\/CCWG6413-1280x960-768x576.jpg 768w, https:\/\/kouskeol.fr\/wp-content\/uploads\/2016\/08\/CCWG6413-1280x960-1024x768.jpg 1024w, https:\/\/kouskeol.fr\/wp-content\/uploads\/2016\/08\/CCWG6413-1280x960.jpg 1280w\" sizes=\"auto, (max-width: 300px) 100vw, 300px\" \/><\/a><\/p>\n<p>Enfin nous repassons \u00e0 La Foa, o\u00f9 cette fois nous visitons le parc aux totems, magnifiques.<\/p>\n<p><a href=\"http:\/\/kouskeol.fr\/wp-content\/uploads\/2016\/08\/CCWG6414-960x1280.jpg\" target=\"_blank\"><img loading=\"lazy\" decoding=\"async\" class=\"aligncenter wp-image-4212 size-medium\" src=\"http:\/\/kouskeol.fr\/wp-content\/uploads\/2016\/08\/CCWG6414-960x1280-e1470571925481-225x300.jpg\" alt=\"CCWG6414 (960x1280)\" width=\"225\" height=\"300\" srcset=\"https:\/\/kouskeol.fr\/wp-content\/uploads\/2016\/08\/CCWG6414-960x1280-e1470571925481-225x300.jpg 225w, https:\/\/kouskeol.fr\/wp-content\/uploads\/2016\/08\/CCWG6414-960x1280-e1470571925481-768x1023.jpg 768w, https:\/\/kouskeol.fr\/wp-content\/uploads\/2016\/08\/CCWG6414-960x1280-e1470571925481-769x1024.jpg 769w, https:\/\/kouskeol.fr\/wp-content\/uploads\/2016\/08\/CCWG6414-960x1280-e1470571925481.jpg 960w\" sizes=\"auto, (max-width: 225px) 100vw, 225px\" \/><\/a> <a href=\"http:\/\/kouskeol.fr\/wp-content\/uploads\/2016\/08\/CCWG6415-960x1280.jpg\" target=\"_blank\"><img loading=\"lazy\" decoding=\"async\" class=\"aligncenter wp-image-4213 size-medium\" src=\"http:\/\/kouskeol.fr\/wp-content\/uploads\/2016\/08\/CCWG6415-960x1280-e1470571952513-225x300.jpg\" alt=\"CCWG6415 (960x1280)\" width=\"225\" height=\"300\" srcset=\"https:\/\/kouskeol.fr\/wp-content\/uploads\/2016\/08\/CCWG6415-960x1280-e1470571952513-225x300.jpg 225w, https:\/\/kouskeol.fr\/wp-content\/uploads\/2016\/08\/CCWG6415-960x1280-e1470571952513-768x1023.jpg 768w, https:\/\/kouskeol.fr\/wp-content\/uploads\/2016\/08\/CCWG6415-960x1280-e1470571952513-769x1024.jpg 769w, https:\/\/kouskeol.fr\/wp-content\/uploads\/2016\/08\/CCWG6415-960x1280-e1470571952513.jpg 960w\" sizes=\"auto, (max-width: 225px) 100vw, 225px\" \/><\/a> <a href=\"http:\/\/kouskeol.fr\/wp-content\/uploads\/2016\/08\/CCWG6418-960x1280.jpg\" target=\"_blank\"><img loading=\"lazy\" decoding=\"async\" class=\"aligncenter wp-image-4214 size-medium\" src=\"http:\/\/kouskeol.fr\/wp-content\/uploads\/2016\/08\/CCWG6418-960x1280-e1470571979271-225x300.jpg\" alt=\"CCWG6418 (960x1280)\" width=\"225\" height=\"300\" srcset=\"https:\/\/kouskeol.fr\/wp-content\/uploads\/2016\/08\/CCWG6418-960x1280-e1470571979271-225x300.jpg 225w, https:\/\/kouskeol.fr\/wp-content\/uploads\/2016\/08\/CCWG6418-960x1280-e1470571979271-768x1023.jpg 768w, https:\/\/kouskeol.fr\/wp-content\/uploads\/2016\/08\/CCWG6418-960x1280-e1470571979271-769x1024.jpg 769w, https:\/\/kouskeol.fr\/wp-content\/uploads\/2016\/08\/CCWG6418-960x1280-e1470571979271.jpg 960w\" sizes=\"auto, (max-width: 225px) 100vw, 225px\" \/><\/a><\/p>\n<p>Puis c\u2019est la rentr\u00e9e sur Noum\u00e9a. Nous arrivons assez t\u00f4t pour voir le centre culturel Jean-Marie Tjibaou\u00a0: une merveille architecturale d\u2019Enzo Piano<a class=\"sdfootnoteanc\" href=\"#sdfootnote2sym\" name=\"sdfootnote2anc\"><sup>2<\/sup><\/a>.<\/p>\n<figure id=\"attachment_4215\" aria-describedby=\"caption-attachment-4215\" style=\"width: 300px\" class=\"wp-caption aligncenter\"><a href=\"http:\/\/kouskeol.fr\/wp-content\/uploads\/2016\/08\/CCWG6419-1280x960.jpg\" target=\"_blank\"><img loading=\"lazy\" decoding=\"async\" class=\"wp-image-4215 size-medium\" src=\"http:\/\/kouskeol.fr\/wp-content\/uploads\/2016\/08\/CCWG6419-1280x960-300x225.jpg\" alt=\"CCWG6419 (1280x960)\" width=\"300\" height=\"225\" srcset=\"https:\/\/kouskeol.fr\/wp-content\/uploads\/2016\/08\/CCWG6419-1280x960-300x225.jpg 300w, https:\/\/kouskeol.fr\/wp-content\/uploads\/2016\/08\/CCWG6419-1280x960-768x576.jpg 768w, https:\/\/kouskeol.fr\/wp-content\/uploads\/2016\/08\/CCWG6419-1280x960-1024x768.jpg 1024w, https:\/\/kouskeol.fr\/wp-content\/uploads\/2016\/08\/CCWG6419-1280x960.jpg 1280w\" sizes=\"auto, (max-width: 300px) 100vw, 300px\" \/><\/a><figcaption id=\"caption-attachment-4215\" class=\"wp-caption-text\">Le centre.<\/figcaption><\/figure>\n<figure id=\"attachment_4216\" aria-describedby=\"caption-attachment-4216\" style=\"width: 300px\" class=\"wp-caption aligncenter\"><a href=\"http:\/\/kouskeol.fr\/wp-content\/uploads\/2016\/08\/CCWG6421-1280x960.jpg\" target=\"_blank\"><img loading=\"lazy\" decoding=\"async\" class=\"wp-image-4216 size-medium\" src=\"http:\/\/kouskeol.fr\/wp-content\/uploads\/2016\/08\/CCWG6421-1280x960-300x225.jpg\" alt=\"CCWG6421 (1280x960)\" width=\"300\" height=\"225\" srcset=\"https:\/\/kouskeol.fr\/wp-content\/uploads\/2016\/08\/CCWG6421-1280x960-300x225.jpg 300w, https:\/\/kouskeol.fr\/wp-content\/uploads\/2016\/08\/CCWG6421-1280x960-768x576.jpg 768w, https:\/\/kouskeol.fr\/wp-content\/uploads\/2016\/08\/CCWG6421-1280x960-1024x768.jpg 1024w, https:\/\/kouskeol.fr\/wp-content\/uploads\/2016\/08\/CCWG6421-1280x960.jpg 1280w\" sizes=\"auto, (max-width: 300px) 100vw, 300px\" \/><\/a><figcaption id=\"caption-attachment-4216\" class=\"wp-caption-text\">La salle des totems.<\/figcaption><\/figure>\n<figure id=\"attachment_4217\" aria-describedby=\"caption-attachment-4217\" style=\"width: 300px\" class=\"wp-caption aligncenter\"><a href=\"http:\/\/kouskeol.fr\/wp-content\/uploads\/2016\/08\/CCWG6422-1280x960.jpg\" target=\"_blank\"><img loading=\"lazy\" decoding=\"async\" class=\"wp-image-4217 size-medium\" src=\"http:\/\/kouskeol.fr\/wp-content\/uploads\/2016\/08\/CCWG6422-1280x960-300x225.jpg\" alt=\"CCWG6422 (1280x960)\" width=\"300\" height=\"225\" srcset=\"https:\/\/kouskeol.fr\/wp-content\/uploads\/2016\/08\/CCWG6422-1280x960-300x225.jpg 300w, https:\/\/kouskeol.fr\/wp-content\/uploads\/2016\/08\/CCWG6422-1280x960-768x576.jpg 768w, https:\/\/kouskeol.fr\/wp-content\/uploads\/2016\/08\/CCWG6422-1280x960-1024x768.jpg 1024w, https:\/\/kouskeol.fr\/wp-content\/uploads\/2016\/08\/CCWG6422-1280x960.jpg 1280w\" sizes=\"auto, (max-width: 300px) 100vw, 300px\" \/><\/a><figcaption id=\"caption-attachment-4217\" class=\"wp-caption-text\">Vue sur l&rsquo;architecture.<\/figcaption><\/figure>\n<figure id=\"attachment_4218\" aria-describedby=\"caption-attachment-4218\" style=\"width: 225px\" class=\"wp-caption aligncenter\"><a href=\"http:\/\/kouskeol.fr\/wp-content\/uploads\/2016\/08\/CCWG6426-960x1280.jpg\" target=\"_blank\"><img loading=\"lazy\" decoding=\"async\" class=\"wp-image-4218 size-medium\" src=\"http:\/\/kouskeol.fr\/wp-content\/uploads\/2016\/08\/CCWG6426-960x1280-e1470572403302-225x300.jpg\" alt=\"CCWG6426 (960x1280)\" width=\"225\" height=\"300\" srcset=\"https:\/\/kouskeol.fr\/wp-content\/uploads\/2016\/08\/CCWG6426-960x1280-e1470572403302-225x300.jpg 225w, https:\/\/kouskeol.fr\/wp-content\/uploads\/2016\/08\/CCWG6426-960x1280-e1470572403302-768x1023.jpg 768w, https:\/\/kouskeol.fr\/wp-content\/uploads\/2016\/08\/CCWG6426-960x1280-e1470572403302-769x1024.jpg 769w, https:\/\/kouskeol.fr\/wp-content\/uploads\/2016\/08\/CCWG6426-960x1280-e1470572403302.jpg 960w\" sizes=\"auto, (max-width: 225px) 100vw, 225px\" \/><\/a><figcaption id=\"caption-attachment-4218\" class=\"wp-caption-text\">Cases symbole des diff\u00e9rentes r\u00e9gions.<\/figcaption><\/figure>\n<figure id=\"attachment_4220\" aria-describedby=\"caption-attachment-4220\" style=\"width: 300px\" class=\"wp-caption aligncenter\"><a href=\"http:\/\/kouskeol.fr\/wp-content\/uploads\/2016\/08\/CCWG6428-1280x960.jpg\" target=\"_blank\"><img loading=\"lazy\" decoding=\"async\" class=\"wp-image-4220 size-medium\" src=\"http:\/\/kouskeol.fr\/wp-content\/uploads\/2016\/08\/CCWG6428-1280x960-300x225.jpg\" alt=\"CCWG6428 (1280x960)\" width=\"300\" height=\"225\" srcset=\"https:\/\/kouskeol.fr\/wp-content\/uploads\/2016\/08\/CCWG6428-1280x960-300x225.jpg 300w, https:\/\/kouskeol.fr\/wp-content\/uploads\/2016\/08\/CCWG6428-1280x960-768x576.jpg 768w, https:\/\/kouskeol.fr\/wp-content\/uploads\/2016\/08\/CCWG6428-1280x960-1024x768.jpg 1024w, https:\/\/kouskeol.fr\/wp-content\/uploads\/2016\/08\/CCWG6428-1280x960.jpg 1280w\" sizes=\"auto, (max-width: 300px) 100vw, 300px\" \/><\/a><figcaption id=\"caption-attachment-4220\" class=\"wp-caption-text\">Porte avec ses chambranles.<\/figcaption><\/figure>\n<figure id=\"attachment_4221\" aria-describedby=\"caption-attachment-4221\" style=\"width: 300px\" class=\"wp-caption aligncenter\"><a href=\"http:\/\/kouskeol.fr\/wp-content\/uploads\/2016\/08\/CCWG6432-1280x960.jpg\" target=\"_blank\"><img loading=\"lazy\" decoding=\"async\" class=\"wp-image-4221 size-medium\" src=\"http:\/\/kouskeol.fr\/wp-content\/uploads\/2016\/08\/CCWG6432-1280x960-300x225.jpg\" alt=\"CCWG6432 (1280x960)\" width=\"300\" height=\"225\" srcset=\"https:\/\/kouskeol.fr\/wp-content\/uploads\/2016\/08\/CCWG6432-1280x960-300x225.jpg 300w, https:\/\/kouskeol.fr\/wp-content\/uploads\/2016\/08\/CCWG6432-1280x960-768x576.jpg 768w, https:\/\/kouskeol.fr\/wp-content\/uploads\/2016\/08\/CCWG6432-1280x960-1024x768.jpg 1024w, https:\/\/kouskeol.fr\/wp-content\/uploads\/2016\/08\/CCWG6432-1280x960.jpg 1280w\" sizes=\"auto, (max-width: 300px) 100vw, 300px\" \/><\/a><figcaption id=\"caption-attachment-4221\" class=\"wp-caption-text\">Le centre et Noum\u00e9a en arri\u00e8re plan.<\/figcaption><\/figure>\n<figure id=\"attachment_4222\" aria-describedby=\"caption-attachment-4222\" style=\"width: 300px\" class=\"wp-caption aligncenter\"><a href=\"http:\/\/kouskeol.fr\/wp-content\/uploads\/2016\/08\/CCWG6433-1280x960.jpg\" target=\"_blank\"><img loading=\"lazy\" decoding=\"async\" class=\"wp-image-4222 size-medium\" src=\"http:\/\/kouskeol.fr\/wp-content\/uploads\/2016\/08\/CCWG6433-1280x960-300x225.jpg\" alt=\"CCWG6433 (1280x960)\" width=\"300\" height=\"225\" srcset=\"https:\/\/kouskeol.fr\/wp-content\/uploads\/2016\/08\/CCWG6433-1280x960-300x225.jpg 300w, https:\/\/kouskeol.fr\/wp-content\/uploads\/2016\/08\/CCWG6433-1280x960-768x576.jpg 768w, https:\/\/kouskeol.fr\/wp-content\/uploads\/2016\/08\/CCWG6433-1280x960-1024x768.jpg 1024w, https:\/\/kouskeol.fr\/wp-content\/uploads\/2016\/08\/CCWG6433-1280x960.jpg 1280w\" sizes=\"auto, (max-width: 300px) 100vw, 300px\" \/><\/a><figcaption id=\"caption-attachment-4222\" class=\"wp-caption-text\">Jean-Marie Tjibaou.<\/figcaption><\/figure>\n<p>Le mauvais temps et la nuit tombante feront que nous \u00e9courtons les derni\u00e8res visites \u00e0 la cath\u00e9drale, au p\u00e9nitencier de Nouville, \u00e0 la rue des Colons, aux mus\u00e9es de la ville\u2026 Demain, direction l\u2019a\u00e9roport de Tontouta pour le retour en m\u00e9tropole de Cathy et MarieJo.<\/p>\n<div id=\"sdfootnote1\">\n<p class=\"sdfootnote\">_______________<a class=\"sdfootnotesym\" href=\"#sdfootnote1anc\" name=\"sdfootnote1sym\"><br \/>\n<em>1<\/em><\/a><em>&#8211;\u00a0Une queue de pelle tourn\u00e9e par un Suisse est plus ronde que ronde, pr\u00e9cision helv\u00e9tique oblige.<\/em><\/p>\n<\/div>\n<div id=\"sdfootnote2\">\n<p class=\"sdfootnote\"><em><a class=\"sdfootnotesym\" href=\"#sdfootnote2anc\" name=\"sdfootnote2sym\">2<\/a>&#8211;\u00a0Mais si, vous savez bien, celui qui a con\u00e7u le Centre Pompidou\u00a0! Bien s\u00fbr, ici, le style est l\u00e9g\u00e8rement diff\u00e9rent, plus en harmonie avec le lieu et la culture.<\/em><\/p>\n<\/div>\n","protected":false},"excerpt":{"rendered":"<p>Les \u00eeles et le lagon, c\u2019est beau, voire magnifique. C\u2019est un fait acquis. On ne va pas revenir l\u00e0-dessus. Rappelez-vous\u00a0: la Nouvelle-Cal\u00e9donie a le plus grand lagon du monde, et le deuxi\u00e8me r\u00e9cif corallien le plus long. Ne chipotons pas. Lalal\u00e8re. Mais la Grande Terre, alors\u00a0? Ben on loue une voiture et on va voir\u2026 &hellip; <a href=\"https:\/\/kouskeol.fr\/?p=4176\" class=\"more-link\">Continuer la lecture de <span class=\"screen-reader-text\">Relation du petit tour sur la Grande Terre \u2013 1-4 ao\u00fbt 2016<\/span>  <span class=\"meta-nav\">&rarr;<\/span><\/a><\/p>\n","protected":false},"author":1,"featured_media":0,"comment_status":"open","ping_status":"open","sticky":false,"template":"","format":"standard","meta":{"ngg_post_thumbnail":0,"footnotes":""},"categories":[8,55],"tags":[],"class_list":["post-4176","post","type-post","status-publish","format-standard","hentry","category-voyage","category-pacifique"],"_links":{"self":[{"href":"https:\/\/kouskeol.fr\/index.php?rest_route=\/wp\/v2\/posts\/4176","targetHints":{"allow":["GET"]}}],"collection":[{"href":"https:\/\/kouskeol.fr\/index.php?rest_route=\/wp\/v2\/posts"}],"about":[{"href":"https:\/\/kouskeol.fr\/index.php?rest_route=\/wp\/v2\/types\/post"}],"author":[{"embeddable":true,"href":"https:\/\/kouskeol.fr\/index.php?rest_route=\/wp\/v2\/users\/1"}],"replies":[{"embeddable":true,"href":"https:\/\/kouskeol.fr\/index.php?rest_route=%2Fwp%2Fv2%2Fcomments&post=4176"}],"version-history":[{"count":3,"href":"https:\/\/kouskeol.fr\/index.php?rest_route=\/wp\/v2\/posts\/4176\/revisions"}],"predecessor-version":[{"id":4237,"href":"https:\/\/kouskeol.fr\/index.php?rest_route=\/wp\/v2\/posts\/4176\/revisions\/4237"}],"wp:attachment":[{"href":"https:\/\/kouskeol.fr\/index.php?rest_route=%2Fwp%2Fv2%2Fmedia&parent=4176"}],"wp:term":[{"taxonomy":"category","embeddable":true,"href":"https:\/\/kouskeol.fr\/index.php?rest_route=%2Fwp%2Fv2%2Fcategories&post=4176"},{"taxonomy":"post_tag","embeddable":true,"href":"https:\/\/kouskeol.fr\/index.php?rest_route=%2Fwp%2Fv2%2Ftags&post=4176"}],"curies":[{"name":"wp","href":"https:\/\/api.w.org\/{rel}","templated":true}]}}